{"id":1608,"date":"2012-05-20T13:09:48","date_gmt":"2012-05-20T11:09:48","guid":{"rendered":"https:\/\/antonioteiza.org\/hitzaldiak-aurkezpenak-eta-elkarrizketak\/"},"modified":"2025-10-23T13:11:02","modified_gmt":"2025-10-23T11:11:02","slug":"conferencias-presentaciones-y-entrevistas","status":"publish","type":"post","link":"https:\/\/antonioteiza.org\/es\/conferencias-presentaciones-y-entrevistas\/","title":{"rendered":"Conferencias, presentaciones y entrevistas"},"content":{"rendered":"<p>Se han impartido conferencias, realizado\u00a0 presentaciones y mantenido\u00a0 entrevistas en Azkoitia, en el palacio de Intsausti, en Azpeitia en el Centro de Educaci\u00f3n para Adultos, en Loiola, Zarautz o Gij\u00f3n. Colaborando al mismo tiempo con diversos medios de comunicaci\u00f3n,\u00a0 en la difusi\u00f3n del patrimonio art\u00edstico e hist\u00f3rico de la villa.<\/p>\n<p>Invitados por la Consejer\u00eda de Turismo de\u00a0 Castilla Le\u00f3n acudimos a la feria Expovacaciones, celebrada en\u00a0 de Bilbao para conocer la presencia de la obra de Antonio Oteiza en la actual edici\u00f3n,\u00a0 de las Edades del Hombre, uno\u00a0 de los mayores\u00a0 proyectos\u00a0 culturales de arte sacro,\u00a0 este a\u00f1o bajo el t\u00edtulo de \u201cMONACATUS\u201d. Esta muestra se desarrollar\u00e1 en el monasterio de San Salvador de O\u00f1a (Burgos) hasta el pr\u00f3ximo mes de noviembre. En Bilbao tuvimos oportunidad de entrevistarnos y conocer diferentes detalles de la mano de la subcomisaria de la exposici\u00f3n\u00a0 Olalla Gonzalez Cuadrado y\u00a0 de otros\u00a0 responsables, a quienes\u00a0 hicimos entrega de diferentes\u00a0 publicaciones de la Fundaci\u00f3n.<\/p>\n","protected":false},"excerpt":{"rendered":"<p>Se han impartido conferencias, realizado\u00a0 presentaciones y mantenido\u00a0 entrevistas en Azkoitia, en el palacio de Intsausti, en Azpeitia en el Centro de Educaci\u00f3n para Adultos, en Loiola, Zarautz o Gij\u00f3n. Colaborando al mismo tiempo con diversos medios de comunicaci\u00f3n,\u00a0 en la difusi\u00f3n del patrimonio art\u00edstico e hist\u00f3rico de la villa. Invitados por la Consejer\u00eda de [&hellip;]<\/p>\n","protected":false},"author":1,"featured_media":0,"comment_status":"closed","ping_status":"closed","sticky":false,"template":"","format":"standard","meta":{"_acf_changed":false,"footnotes":""},"categories":[4],"tags":[],"class_list":["post-1608","post","type-post","status-publish","format-standard","hentry","category-actividades"],"acf":[],"yoast_head":"<!-- This site is optimized with the Yoast SEO plugin v26.8 - https:\/\/yoast.com\/product\/yoast-seo-wordpress\/ -->\n<title>Conferencias, presentaciones y entrevistas - Antonio Oteiza<\/title>\n<meta name=\"robots\" content=\"index, follow, max-snippet:-1, max-image-preview:large, max-video-preview:-1\" \/>\n<link rel=\"canonical\" href=\"https:\/\/antonioteiza.org\/es\/conferencias-presentaciones-y-entrevistas\/\" \/>\n<meta property=\"og:locale\" content=\"es_ES\" \/>\n<meta property=\"og:type\" content=\"article\" \/>\n<meta property=\"og:title\" content=\"Conferencias, presentaciones y entrevistas - Antonio Oteiza\" \/>\n<meta property=\"og:description\" content=\"Se han impartido conferencias, realizado\u00a0 presentaciones y mantenido\u00a0 entrevistas en Azkoitia, en el palacio de Intsausti, en Azpeitia en el Centro de Educaci\u00f3n para Adultos, en Loiola, Zarautz o Gij\u00f3n. Colaborando al mismo tiempo con diversos medios de comunicaci\u00f3n,\u00a0 en la difusi\u00f3n del patrimonio art\u00edstico e hist\u00f3rico de la villa. Invitados por la Consejer\u00eda de [&hellip;]\" \/>\n<meta property=\"og:url\" content=\"https:\/\/antonioteiza.org\/es\/conferencias-presentaciones-y-entrevistas\/\" \/>\n<meta property=\"og:site_name\" content=\"Antonio Oteiza\" \/>\n<meta property=\"article:published_time\" content=\"2012-05-20T11:09:48+00:00\" \/>\n<meta property=\"article:modified_time\" content=\"2025-10-23T11:11:02+00:00\" \/>\n<meta name=\"author\" content=\"kudeatzailea\" \/>\n<meta name=\"twitter:card\" content=\"summary_large_image\" \/>\n<meta name=\"twitter:label1\" content=\"Written by\" \/>\n\t<meta name=\"twitter:data1\" content=\"kudeatzailea\" \/>\n\t<meta name=\"twitter:label2\" content=\"Est. reading time\" \/>\n\t<meta name=\"twitter:data2\" content=\"1 minuto\" \/>\n<script type=\"application\/ld+json\" class=\"yoast-schema-graph\">{\"@context\":\"https:\/\/schema.org\",\"@graph\":[{\"@type\":\"Article\",\"@id\":\"https:\/\/antonioteiza.org\/es\/conferencias-presentaciones-y-entrevistas\/#article\",\"isPartOf\":{\"@id\":\"https:\/\/antonioteiza.org\/es\/conferencias-presentaciones-y-entrevistas\/\"},\"author\":{\"name\":\"kudeatzailea\",\"@id\":\"https:\/\/antonioteiza.org\/es\/#\/schema\/person\/2b87cebc07495c820ce05edf65e95a0d\"},\"headline\":\"Conferencias, presentaciones y entrevistas\",\"datePublished\":\"2012-05-20T11:09:48+00:00\",\"dateModified\":\"2025-10-23T11:11:02+00:00\",\"mainEntityOfPage\":{\"@id\":\"https:\/\/antonioteiza.org\/es\/conferencias-presentaciones-y-entrevistas\/\"},\"wordCount\":177,\"publisher\":{\"@id\":\"https:\/\/antonioteiza.org\/es\/#organization\"},\"articleSection\":[\"Actividades\"],\"inLanguage\":\"es\"},{\"@type\":\"WebPage\",\"@id\":\"https:\/\/antonioteiza.org\/es\/conferencias-presentaciones-y-entrevistas\/\",\"url\":\"https:\/\/antonioteiza.org\/es\/conferencias-presentaciones-y-entrevistas\/\",\"name\":\"Conferencias, presentaciones y entrevistas - Antonio Oteiza\",\"isPartOf\":{\"@id\":\"https:\/\/antonioteiza.org\/es\/#website\"},\"datePublished\":\"2012-05-20T11:09:48+00:00\",\"dateModified\":\"2025-10-23T11:11:02+00:00\",\"breadcrumb\":{\"@id\":\"https:\/\/antonioteiza.org\/es\/conferencias-presentaciones-y-entrevistas\/#breadcrumb\"},\"inLanguage\":\"es\",\"potentialAction\":[{\"@type\":\"ReadAction\",\"target\":[\"https:\/\/antonioteiza.org\/es\/conferencias-presentaciones-y-entrevistas\/\"]}]},{\"@type\":\"BreadcrumbList\",\"@id\":\"https:\/\/antonioteiza.org\/es\/conferencias-presentaciones-y-entrevistas\/#breadcrumb\",\"itemListElement\":[{\"@type\":\"ListItem\",\"position\":1,\"name\":\"Home\",\"item\":\"https:\/\/antonioteiza.org\/es\/\"},{\"@type\":\"ListItem\",\"position\":2,\"name\":\"Conferencias, presentaciones y entrevistas\"}]},{\"@type\":\"WebSite\",\"@id\":\"https:\/\/antonioteiza.org\/es\/#website\",\"url\":\"https:\/\/antonioteiza.org\/es\/\",\"name\":\"Antonio Oteiza\",\"description\":\"Just another WordPress site\",\"publisher\":{\"@id\":\"https:\/\/antonioteiza.org\/es\/#organization\"},\"potentialAction\":[{\"@type\":\"SearchAction\",\"target\":{\"@type\":\"EntryPoint\",\"urlTemplate\":\"https:\/\/antonioteiza.org\/es\/?s={search_term_string}\"},\"query-input\":{\"@type\":\"PropertyValueSpecification\",\"valueRequired\":true,\"valueName\":\"search_term_string\"}}],\"inLanguage\":\"es\"},{\"@type\":\"Organization\",\"@id\":\"https:\/\/antonioteiza.org\/es\/#organization\",\"name\":\"Antonio Oteiza\",\"url\":\"https:\/\/antonioteiza.org\/es\/\",\"logo\":{\"@type\":\"ImageObject\",\"inLanguage\":\"es\",\"@id\":\"https:\/\/antonioteiza.org\/es\/#\/schema\/logo\/image\/\",\"url\":\"https:\/\/antonioteiza.org\/wp-content\/uploads\/2022\/06\/cropped-oteiza-logo.jpg\",\"contentUrl\":\"https:\/\/antonioteiza.org\/wp-content\/uploads\/2022\/06\/cropped-oteiza-logo.jpg\",\"width\":256,\"height\":91,\"caption\":\"Antonio Oteiza\"},\"image\":{\"@id\":\"https:\/\/antonioteiza.org\/es\/#\/schema\/logo\/image\/\"}},{\"@type\":\"Person\",\"@id\":\"https:\/\/antonioteiza.org\/es\/#\/schema\/person\/2b87cebc07495c820ce05edf65e95a0d\",\"name\":\"kudeatzailea\",\"sameAs\":[\"https:\/\/antonioteiza.org\"]}]}<\/script>\n<!-- \/ Yoast SEO plugin. -->","yoast_head_json":{"title":"Conferencias, presentaciones y entrevistas - Antonio Oteiza","robots":{"index":"index","follow":"follow","max-snippet":"max-snippet:-1","max-image-preview":"max-image-preview:large","max-video-preview":"max-video-preview:-1"},"canonical":"https:\/\/antonioteiza.org\/es\/conferencias-presentaciones-y-entrevistas\/","og_locale":"es_ES","og_type":"article","og_title":"Conferencias, presentaciones y entrevistas - Antonio Oteiza","og_description":"Se han impartido conferencias, realizado\u00a0 presentaciones y mantenido\u00a0 entrevistas en Azkoitia, en el palacio de Intsausti, en Azpeitia en el Centro de Educaci\u00f3n para Adultos, en Loiola, Zarautz o Gij\u00f3n. Colaborando al mismo tiempo con diversos medios de comunicaci\u00f3n,\u00a0 en la difusi\u00f3n del patrimonio art\u00edstico e hist\u00f3rico de la villa. Invitados por la Consejer\u00eda de [&hellip;]","og_url":"https:\/\/antonioteiza.org\/es\/conferencias-presentaciones-y-entrevistas\/","og_site_name":"Antonio Oteiza","article_published_time":"2012-05-20T11:09:48+00:00","article_modified_time":"2025-10-23T11:11:02+00:00","author":"kudeatzailea","twitter_card":"summary_large_image","twitter_misc":{"Written by":"kudeatzailea","Est. reading time":"1 minuto"},"schema":{"@context":"https:\/\/schema.org","@graph":[{"@type":"Article","@id":"https:\/\/antonioteiza.org\/es\/conferencias-presentaciones-y-entrevistas\/#article","isPartOf":{"@id":"https:\/\/antonioteiza.org\/es\/conferencias-presentaciones-y-entrevistas\/"},"author":{"name":"kudeatzailea","@id":"https:\/\/antonioteiza.org\/es\/#\/schema\/person\/2b87cebc07495c820ce05edf65e95a0d"},"headline":"Conferencias, presentaciones y entrevistas","datePublished":"2012-05-20T11:09:48+00:00","dateModified":"2025-10-23T11:11:02+00:00","mainEntityOfPage":{"@id":"https:\/\/antonioteiza.org\/es\/conferencias-presentaciones-y-entrevistas\/"},"wordCount":177,"publisher":{"@id":"https:\/\/antonioteiza.org\/es\/#organization"},"articleSection":["Actividades"],"inLanguage":"es"},{"@type":"WebPage","@id":"https:\/\/antonioteiza.org\/es\/conferencias-presentaciones-y-entrevistas\/","url":"https:\/\/antonioteiza.org\/es\/conferencias-presentaciones-y-entrevistas\/","name":"Conferencias, presentaciones y entrevistas - Antonio Oteiza","isPartOf":{"@id":"https:\/\/antonioteiza.org\/es\/#website"},"datePublished":"2012-05-20T11:09:48+00:00","dateModified":"2025-10-23T11:11:02+00:00","breadcrumb":{"@id":"https:\/\/antonioteiza.org\/es\/conferencias-presentaciones-y-entrevistas\/#breadcrumb"},"inLanguage":"es","potentialAction":[{"@type":"ReadAction","target":["https:\/\/antonioteiza.org\/es\/conferencias-presentaciones-y-entrevistas\/"]}]},{"@type":"BreadcrumbList","@id":"https:\/\/antonioteiza.org\/es\/conferencias-presentaciones-y-entrevistas\/#breadcrumb","itemListElement":[{"@type":"ListItem","position":1,"name":"Home","item":"https:\/\/antonioteiza.org\/es\/"},{"@type":"ListItem","position":2,"name":"Conferencias, presentaciones y entrevistas"}]},{"@type":"WebSite","@id":"https:\/\/antonioteiza.org\/es\/#website","url":"https:\/\/antonioteiza.org\/es\/","name":"Antonio Oteiza","description":"Just another WordPress site","publisher":{"@id":"https:\/\/antonioteiza.org\/es\/#organization"},"potentialAction":[{"@type":"SearchAction","target":{"@type":"EntryPoint","urlTemplate":"https:\/\/antonioteiza.org\/es\/?s={search_term_string}"},"query-input":{"@type":"PropertyValueSpecification","valueRequired":true,"valueName":"search_term_string"}}],"inLanguage":"es"},{"@type":"Organization","@id":"https:\/\/antonioteiza.org\/es\/#organization","name":"Antonio Oteiza","url":"https:\/\/antonioteiza.org\/es\/","logo":{"@type":"ImageObject","inLanguage":"es","@id":"https:\/\/antonioteiza.org\/es\/#\/schema\/logo\/image\/","url":"https:\/\/antonioteiza.org\/wp-content\/uploads\/2022\/06\/cropped-oteiza-logo.jpg","contentUrl":"https:\/\/antonioteiza.org\/wp-content\/uploads\/2022\/06\/cropped-oteiza-logo.jpg","width":256,"height":91,"caption":"Antonio Oteiza"},"image":{"@id":"https:\/\/antonioteiza.org\/es\/#\/schema\/logo\/image\/"}},{"@type":"Person","@id":"https:\/\/antonioteiza.org\/es\/#\/schema\/person\/2b87cebc07495c820ce05edf65e95a0d","name":"kudeatzailea","sameAs":["https:\/\/antonioteiza.org"]}]}},"_links":{"self":[{"href":"https:\/\/antonioteiza.org\/es\/wp-json\/wp\/v2\/posts\/1608","targetHints":{"allow":["GET"]}}],"collection":[{"href":"https:\/\/antonioteiza.org\/es\/wp-json\/wp\/v2\/posts"}],"about":[{"href":"https:\/\/antonioteiza.org\/es\/wp-json\/wp\/v2\/types\/post"}],"author":[{"embeddable":true,"href":"https:\/\/antonioteiza.org\/es\/wp-json\/wp\/v2\/users\/1"}],"replies":[{"embeddable":true,"href":"https:\/\/antonioteiza.org\/es\/wp-json\/wp\/v2\/comments?post=1608"}],"version-history":[{"count":1,"href":"https:\/\/antonioteiza.org\/es\/wp-json\/wp\/v2\/posts\/1608\/revisions"}],"predecessor-version":[{"id":1609,"href":"https:\/\/antonioteiza.org\/es\/wp-json\/wp\/v2\/posts\/1608\/revisions\/1609"}],"wp:attachment":[{"href":"https:\/\/antonioteiza.org\/es\/wp-json\/wp\/v2\/media?parent=1608"}],"wp:term":[{"taxonomy":"category","embeddable":true,"href":"https:\/\/antonioteiza.org\/es\/wp-json\/wp\/v2\/categories?post=1608"},{"taxonomy":"post_tag","embeddable":true,"href":"https:\/\/antonioteiza.org\/es\/wp-json\/wp\/v2\/tags?post=1608"}],"curies":[{"name":"wp","href":"https:\/\/api.w.org\/{rel}","templated":true}]}}