{"id":1612,"date":"2012-06-23T13:13:34","date_gmt":"2012-06-23T11:13:34","guid":{"rendered":"https:\/\/antonioteiza.org\/intsausti-jauregiko-erakusketa\/"},"modified":"2025-10-23T13:14:49","modified_gmt":"2025-10-23T11:14:49","slug":"exposicion-en-el-palacio-de-intsausti-2","status":"publish","type":"post","link":"https:\/\/antonioteiza.org\/es\/exposicion-en-el-palacio-de-intsausti-2\/","title":{"rendered":"Exposici\u00f3n en el Palacio de Intsausti"},"content":{"rendered":"<p>El Palacio de Intsausti fue un espacio de encuentro cultural con visitas de historiadores, etn\u00f3grafos, directores de museos, escritores, diplom\u00e1ticos, acad\u00e9micos y parlamentarios. Entre los visitantes destacados figuran Susana Soto, directora del Museo San Telmo, el historiador Fernando Chueca, el diplom\u00e1tico Jos\u00e9 Luis Pardos, y escritores como Antton Agirre Sorondo. La exposici\u00f3n permiti\u00f3 estrechar lazos con instituciones y personalidades de primer nivel.<\/p>\n","protected":false},"excerpt":{"rendered":"<p>El Palacio de Intsausti fue un espacio de encuentro cultural con visitas de historiadores, etn\u00f3grafos, directores de museos, escritores, diplom\u00e1ticos, acad\u00e9micos y parlamentarios. Entre los visitantes destacados figuran Susana Soto, directora del Museo San Telmo, el historiador Fernando Chueca, el diplom\u00e1tico Jos\u00e9 Luis Pardos, y escritores como Antton Agirre Sorondo. La exposici\u00f3n permiti\u00f3 estrechar lazos [&hellip;]<\/p>\n","protected":false},"author":1,"featured_media":0,"comment_status":"closed","ping_status":"closed","sticky":false,"template":"","format":"standard","meta":{"_acf_changed":false,"footnotes":""},"categories":[4],"tags":[],"class_list":["post-1612","post","type-post","status-publish","format-standard","hentry","category-actividades"],"acf":[],"yoast_head":"<!-- This site is optimized with the Yoast SEO plugin v26.8 - https:\/\/yoast.com\/product\/yoast-seo-wordpress\/ -->\n<title>Exposici\u00f3n en el Palacio de Intsausti - Antonio Oteiza<\/title>\n<meta name=\"robots\" content=\"index, follow, max-snippet:-1, max-image-preview:large, max-video-preview:-1\" \/>\n<link rel=\"canonical\" href=\"https:\/\/antonioteiza.org\/es\/exposicion-en-el-palacio-de-intsausti-2\/\" \/>\n<meta property=\"og:locale\" content=\"es_ES\" \/>\n<meta property=\"og:type\" content=\"article\" \/>\n<meta property=\"og:title\" content=\"Exposici\u00f3n en el Palacio de Intsausti - Antonio Oteiza\" \/>\n<meta property=\"og:description\" content=\"El Palacio de Intsausti fue un espacio de encuentro cultural con visitas de historiadores, etn\u00f3grafos, directores de museos, escritores, diplom\u00e1ticos, acad\u00e9micos y parlamentarios. Entre los visitantes destacados figuran Susana Soto, directora del Museo San Telmo, el historiador Fernando Chueca, el diplom\u00e1tico Jos\u00e9 Luis Pardos, y escritores como Antton Agirre Sorondo. La exposici\u00f3n permiti\u00f3 estrechar lazos [&hellip;]\" \/>\n<meta property=\"og:url\" content=\"https:\/\/antonioteiza.org\/es\/exposicion-en-el-palacio-de-intsausti-2\/\" \/>\n<meta property=\"og:site_name\" content=\"Antonio Oteiza\" \/>\n<meta property=\"article:published_time\" content=\"2012-06-23T11:13:34+00:00\" \/>\n<meta property=\"article:modified_time\" content=\"2025-10-23T11:14:49+00:00\" \/>\n<meta name=\"author\" content=\"kudeatzailea\" \/>\n<meta name=\"twitter:card\" content=\"summary_large_image\" \/>\n<meta name=\"twitter:label1\" content=\"Written by\" \/>\n\t<meta name=\"twitter:data1\" content=\"kudeatzailea\" \/>\n\t<meta name=\"twitter:label2\" content=\"Est. reading time\" \/>\n\t<meta name=\"twitter:data2\" content=\"1 minuto\" \/>\n<script type=\"application\/ld+json\" class=\"yoast-schema-graph\">{\"@context\":\"https:\/\/schema.org\",\"@graph\":[{\"@type\":\"Article\",\"@id\":\"https:\/\/antonioteiza.org\/es\/exposicion-en-el-palacio-de-intsausti-2\/#article\",\"isPartOf\":{\"@id\":\"https:\/\/antonioteiza.org\/es\/exposicion-en-el-palacio-de-intsausti-2\/\"},\"author\":{\"name\":\"kudeatzailea\",\"@id\":\"https:\/\/antonioteiza.org\/es\/#\/schema\/person\/2b87cebc07495c820ce05edf65e95a0d\"},\"headline\":\"Exposici\u00f3n en el Palacio de Intsausti\",\"datePublished\":\"2012-06-23T11:13:34+00:00\",\"dateModified\":\"2025-10-23T11:14:49+00:00\",\"mainEntityOfPage\":{\"@id\":\"https:\/\/antonioteiza.org\/es\/exposicion-en-el-palacio-de-intsausti-2\/\"},\"wordCount\":74,\"publisher\":{\"@id\":\"https:\/\/antonioteiza.org\/es\/#organization\"},\"articleSection\":[\"Actividades\"],\"inLanguage\":\"es\"},{\"@type\":\"WebPage\",\"@id\":\"https:\/\/antonioteiza.org\/es\/exposicion-en-el-palacio-de-intsausti-2\/\",\"url\":\"https:\/\/antonioteiza.org\/es\/exposicion-en-el-palacio-de-intsausti-2\/\",\"name\":\"Exposici\u00f3n en el Palacio de Intsausti - Antonio Oteiza\",\"isPartOf\":{\"@id\":\"https:\/\/antonioteiza.org\/es\/#website\"},\"datePublished\":\"2012-06-23T11:13:34+00:00\",\"dateModified\":\"2025-10-23T11:14:49+00:00\",\"breadcrumb\":{\"@id\":\"https:\/\/antonioteiza.org\/es\/exposicion-en-el-palacio-de-intsausti-2\/#breadcrumb\"},\"inLanguage\":\"es\",\"potentialAction\":[{\"@type\":\"ReadAction\",\"target\":[\"https:\/\/antonioteiza.org\/es\/exposicion-en-el-palacio-de-intsausti-2\/\"]}]},{\"@type\":\"BreadcrumbList\",\"@id\":\"https:\/\/antonioteiza.org\/es\/exposicion-en-el-palacio-de-intsausti-2\/#breadcrumb\",\"itemListElement\":[{\"@type\":\"ListItem\",\"position\":1,\"name\":\"Home\",\"item\":\"https:\/\/antonioteiza.org\/es\/\"},{\"@type\":\"ListItem\",\"position\":2,\"name\":\"Exposici\u00f3n en el Palacio de Intsausti\"}]},{\"@type\":\"WebSite\",\"@id\":\"https:\/\/antonioteiza.org\/es\/#website\",\"url\":\"https:\/\/antonioteiza.org\/es\/\",\"name\":\"Antonio Oteiza\",\"description\":\"Just another WordPress site\",\"publisher\":{\"@id\":\"https:\/\/antonioteiza.org\/es\/#organization\"},\"potentialAction\":[{\"@type\":\"SearchAction\",\"target\":{\"@type\":\"EntryPoint\",\"urlTemplate\":\"https:\/\/antonioteiza.org\/es\/?s={search_term_string}\"},\"query-input\":{\"@type\":\"PropertyValueSpecification\",\"valueRequired\":true,\"valueName\":\"search_term_string\"}}],\"inLanguage\":\"es\"},{\"@type\":\"Organization\",\"@id\":\"https:\/\/antonioteiza.org\/es\/#organization\",\"name\":\"Antonio Oteiza\",\"url\":\"https:\/\/antonioteiza.org\/es\/\",\"logo\":{\"@type\":\"ImageObject\",\"inLanguage\":\"es\",\"@id\":\"https:\/\/antonioteiza.org\/es\/#\/schema\/logo\/image\/\",\"url\":\"https:\/\/antonioteiza.org\/wp-content\/uploads\/2022\/06\/cropped-oteiza-logo.jpg\",\"contentUrl\":\"https:\/\/antonioteiza.org\/wp-content\/uploads\/2022\/06\/cropped-oteiza-logo.jpg\",\"width\":256,\"height\":91,\"caption\":\"Antonio Oteiza\"},\"image\":{\"@id\":\"https:\/\/antonioteiza.org\/es\/#\/schema\/logo\/image\/\"}},{\"@type\":\"Person\",\"@id\":\"https:\/\/antonioteiza.org\/es\/#\/schema\/person\/2b87cebc07495c820ce05edf65e95a0d\",\"name\":\"kudeatzailea\",\"sameAs\":[\"https:\/\/antonioteiza.org\"]}]}<\/script>\n<!-- \/ Yoast SEO plugin. -->","yoast_head_json":{"title":"Exposici\u00f3n en el Palacio de Intsausti - Antonio Oteiza","robots":{"index":"index","follow":"follow","max-snippet":"max-snippet:-1","max-image-preview":"max-image-preview:large","max-video-preview":"max-video-preview:-1"},"canonical":"https:\/\/antonioteiza.org\/es\/exposicion-en-el-palacio-de-intsausti-2\/","og_locale":"es_ES","og_type":"article","og_title":"Exposici\u00f3n en el Palacio de Intsausti - Antonio Oteiza","og_description":"El Palacio de Intsausti fue un espacio de encuentro cultural con visitas de historiadores, etn\u00f3grafos, directores de museos, escritores, diplom\u00e1ticos, acad\u00e9micos y parlamentarios. Entre los visitantes destacados figuran Susana Soto, directora del Museo San Telmo, el historiador Fernando Chueca, el diplom\u00e1tico Jos\u00e9 Luis Pardos, y escritores como Antton Agirre Sorondo. La exposici\u00f3n permiti\u00f3 estrechar lazos [&hellip;]","og_url":"https:\/\/antonioteiza.org\/es\/exposicion-en-el-palacio-de-intsausti-2\/","og_site_name":"Antonio Oteiza","article_published_time":"2012-06-23T11:13:34+00:00","article_modified_time":"2025-10-23T11:14:49+00:00","author":"kudeatzailea","twitter_card":"summary_large_image","twitter_misc":{"Written by":"kudeatzailea","Est. reading time":"1 minuto"},"schema":{"@context":"https:\/\/schema.org","@graph":[{"@type":"Article","@id":"https:\/\/antonioteiza.org\/es\/exposicion-en-el-palacio-de-intsausti-2\/#article","isPartOf":{"@id":"https:\/\/antonioteiza.org\/es\/exposicion-en-el-palacio-de-intsausti-2\/"},"author":{"name":"kudeatzailea","@id":"https:\/\/antonioteiza.org\/es\/#\/schema\/person\/2b87cebc07495c820ce05edf65e95a0d"},"headline":"Exposici\u00f3n en el Palacio de Intsausti","datePublished":"2012-06-23T11:13:34+00:00","dateModified":"2025-10-23T11:14:49+00:00","mainEntityOfPage":{"@id":"https:\/\/antonioteiza.org\/es\/exposicion-en-el-palacio-de-intsausti-2\/"},"wordCount":74,"publisher":{"@id":"https:\/\/antonioteiza.org\/es\/#organization"},"articleSection":["Actividades"],"inLanguage":"es"},{"@type":"WebPage","@id":"https:\/\/antonioteiza.org\/es\/exposicion-en-el-palacio-de-intsausti-2\/","url":"https:\/\/antonioteiza.org\/es\/exposicion-en-el-palacio-de-intsausti-2\/","name":"Exposici\u00f3n en el Palacio de Intsausti - Antonio Oteiza","isPartOf":{"@id":"https:\/\/antonioteiza.org\/es\/#website"},"datePublished":"2012-06-23T11:13:34+00:00","dateModified":"2025-10-23T11:14:49+00:00","breadcrumb":{"@id":"https:\/\/antonioteiza.org\/es\/exposicion-en-el-palacio-de-intsausti-2\/#breadcrumb"},"inLanguage":"es","potentialAction":[{"@type":"ReadAction","target":["https:\/\/antonioteiza.org\/es\/exposicion-en-el-palacio-de-intsausti-2\/"]}]},{"@type":"BreadcrumbList","@id":"https:\/\/antonioteiza.org\/es\/exposicion-en-el-palacio-de-intsausti-2\/#breadcrumb","itemListElement":[{"@type":"ListItem","position":1,"name":"Home","item":"https:\/\/antonioteiza.org\/es\/"},{"@type":"ListItem","position":2,"name":"Exposici\u00f3n en el Palacio de Intsausti"}]},{"@type":"WebSite","@id":"https:\/\/antonioteiza.org\/es\/#website","url":"https:\/\/antonioteiza.org\/es\/","name":"Antonio Oteiza","description":"Just another WordPress site","publisher":{"@id":"https:\/\/antonioteiza.org\/es\/#organization"},"potentialAction":[{"@type":"SearchAction","target":{"@type":"EntryPoint","urlTemplate":"https:\/\/antonioteiza.org\/es\/?s={search_term_string}"},"query-input":{"@type":"PropertyValueSpecification","valueRequired":true,"valueName":"search_term_string"}}],"inLanguage":"es"},{"@type":"Organization","@id":"https:\/\/antonioteiza.org\/es\/#organization","name":"Antonio Oteiza","url":"https:\/\/antonioteiza.org\/es\/","logo":{"@type":"ImageObject","inLanguage":"es","@id":"https:\/\/antonioteiza.org\/es\/#\/schema\/logo\/image\/","url":"https:\/\/antonioteiza.org\/wp-content\/uploads\/2022\/06\/cropped-oteiza-logo.jpg","contentUrl":"https:\/\/antonioteiza.org\/wp-content\/uploads\/2022\/06\/cropped-oteiza-logo.jpg","width":256,"height":91,"caption":"Antonio Oteiza"},"image":{"@id":"https:\/\/antonioteiza.org\/es\/#\/schema\/logo\/image\/"}},{"@type":"Person","@id":"https:\/\/antonioteiza.org\/es\/#\/schema\/person\/2b87cebc07495c820ce05edf65e95a0d","name":"kudeatzailea","sameAs":["https:\/\/antonioteiza.org"]}]}},"_links":{"self":[{"href":"https:\/\/antonioteiza.org\/es\/wp-json\/wp\/v2\/posts\/1612","targetHints":{"allow":["GET"]}}],"collection":[{"href":"https:\/\/antonioteiza.org\/es\/wp-json\/wp\/v2\/posts"}],"about":[{"href":"https:\/\/antonioteiza.org\/es\/wp-json\/wp\/v2\/types\/post"}],"author":[{"embeddable":true,"href":"https:\/\/antonioteiza.org\/es\/wp-json\/wp\/v2\/users\/1"}],"replies":[{"embeddable":true,"href":"https:\/\/antonioteiza.org\/es\/wp-json\/wp\/v2\/comments?post=1612"}],"version-history":[{"count":1,"href":"https:\/\/antonioteiza.org\/es\/wp-json\/wp\/v2\/posts\/1612\/revisions"}],"predecessor-version":[{"id":1613,"href":"https:\/\/antonioteiza.org\/es\/wp-json\/wp\/v2\/posts\/1612\/revisions\/1613"}],"wp:attachment":[{"href":"https:\/\/antonioteiza.org\/es\/wp-json\/wp\/v2\/media?parent=1612"}],"wp:term":[{"taxonomy":"category","embeddable":true,"href":"https:\/\/antonioteiza.org\/es\/wp-json\/wp\/v2\/categories?post=1612"},{"taxonomy":"post_tag","embeddable":true,"href":"https:\/\/antonioteiza.org\/es\/wp-json\/wp\/v2\/tags?post=1612"}],"curies":[{"name":"wp","href":"https:\/\/api.w.org\/{rel}","templated":true}]}}