{"id":1625,"date":"2012-06-23T13:18:00","date_gmt":"2012-06-23T11:18:00","guid":{"rendered":"https:\/\/antonioteiza.org\/beste-gune-artistiko-batzuk-2\/"},"modified":"2025-10-23T13:19:35","modified_gmt":"2025-10-23T11:19:35","slug":"otros-focos-artisticos-2","status":"publish","type":"post","link":"https:\/\/antonioteiza.org\/es\/otros-focos-artisticos-2\/","title":{"rendered":"Otros focos art\u00edsticos"},"content":{"rendered":"<p>En 2012 se coordin\u00f3 la posibilidad de exponer en el Centro Gaud\u00ed de Reus los 26 relieves de Oteiza sobre Gaud\u00ed, realizados en el taller de Neus Segr\u00eda, adem\u00e1s de preparar su digitalizaci\u00f3n para difusi\u00f3n.<\/p>\n","protected":false},"excerpt":{"rendered":"<p>En 2012 se coordin\u00f3 la posibilidad de exponer en el Centro Gaud\u00ed de Reus los 26 relieves de Oteiza sobre Gaud\u00ed, realizados en el taller de Neus Segr\u00eda, adem\u00e1s de preparar su digitalizaci\u00f3n para difusi\u00f3n.<\/p>\n","protected":false},"author":1,"featured_media":0,"comment_status":"closed","ping_status":"closed","sticky":false,"template":"","format":"standard","meta":{"_acf_changed":false,"footnotes":""},"categories":[4],"tags":[],"class_list":["post-1625","post","type-post","status-publish","format-standard","hentry","category-actividades"],"acf":[],"yoast_head":"<!-- This site is optimized with the Yoast SEO plugin v26.8 - https:\/\/yoast.com\/product\/yoast-seo-wordpress\/ -->\n<title>Otros focos art\u00edsticos - Antonio Oteiza<\/title>\n<meta name=\"robots\" content=\"index, follow, max-snippet:-1, max-image-preview:large, max-video-preview:-1\" \/>\n<link rel=\"canonical\" href=\"https:\/\/antonioteiza.org\/es\/otros-focos-artisticos-2\/\" \/>\n<meta property=\"og:locale\" content=\"es_ES\" \/>\n<meta property=\"og:type\" content=\"article\" \/>\n<meta property=\"og:title\" content=\"Otros focos art\u00edsticos - Antonio Oteiza\" \/>\n<meta property=\"og:description\" content=\"En 2012 se coordin\u00f3 la posibilidad de exponer en el Centro Gaud\u00ed de Reus los 26 relieves de Oteiza sobre Gaud\u00ed, realizados en el taller de Neus Segr\u00eda, adem\u00e1s de preparar su digitalizaci\u00f3n para difusi\u00f3n.\" \/>\n<meta property=\"og:url\" content=\"https:\/\/antonioteiza.org\/es\/otros-focos-artisticos-2\/\" \/>\n<meta property=\"og:site_name\" content=\"Antonio Oteiza\" \/>\n<meta property=\"article:published_time\" content=\"2012-06-23T11:18:00+00:00\" \/>\n<meta property=\"article:modified_time\" content=\"2025-10-23T11:19:35+00:00\" \/>\n<meta name=\"author\" content=\"kudeatzailea\" \/>\n<meta name=\"twitter:card\" content=\"summary_large_image\" \/>\n<meta name=\"twitter:label1\" content=\"Written by\" \/>\n\t<meta name=\"twitter:data1\" content=\"kudeatzailea\" \/>\n\t<meta name=\"twitter:label2\" content=\"Est. reading time\" \/>\n\t<meta name=\"twitter:data2\" content=\"1 minuto\" \/>\n<script type=\"application\/ld+json\" class=\"yoast-schema-graph\">{\"@context\":\"https:\/\/schema.org\",\"@graph\":[{\"@type\":\"Article\",\"@id\":\"https:\/\/antonioteiza.org\/es\/otros-focos-artisticos-2\/#article\",\"isPartOf\":{\"@id\":\"https:\/\/antonioteiza.org\/es\/otros-focos-artisticos-2\/\"},\"author\":{\"name\":\"kudeatzailea\",\"@id\":\"https:\/\/antonioteiza.org\/es\/#\/schema\/person\/2b87cebc07495c820ce05edf65e95a0d\"},\"headline\":\"Otros focos art\u00edsticos\",\"datePublished\":\"2012-06-23T11:18:00+00:00\",\"dateModified\":\"2025-10-23T11:19:35+00:00\",\"mainEntityOfPage\":{\"@id\":\"https:\/\/antonioteiza.org\/es\/otros-focos-artisticos-2\/\"},\"wordCount\":41,\"publisher\":{\"@id\":\"https:\/\/antonioteiza.org\/es\/#organization\"},\"articleSection\":[\"Actividades\"],\"inLanguage\":\"es\"},{\"@type\":\"WebPage\",\"@id\":\"https:\/\/antonioteiza.org\/es\/otros-focos-artisticos-2\/\",\"url\":\"https:\/\/antonioteiza.org\/es\/otros-focos-artisticos-2\/\",\"name\":\"Otros focos art\u00edsticos - Antonio Oteiza\",\"isPartOf\":{\"@id\":\"https:\/\/antonioteiza.org\/es\/#website\"},\"datePublished\":\"2012-06-23T11:18:00+00:00\",\"dateModified\":\"2025-10-23T11:19:35+00:00\",\"breadcrumb\":{\"@id\":\"https:\/\/antonioteiza.org\/es\/otros-focos-artisticos-2\/#breadcrumb\"},\"inLanguage\":\"es\",\"potentialAction\":[{\"@type\":\"ReadAction\",\"target\":[\"https:\/\/antonioteiza.org\/es\/otros-focos-artisticos-2\/\"]}]},{\"@type\":\"BreadcrumbList\",\"@id\":\"https:\/\/antonioteiza.org\/es\/otros-focos-artisticos-2\/#breadcrumb\",\"itemListElement\":[{\"@type\":\"ListItem\",\"position\":1,\"name\":\"Home\",\"item\":\"https:\/\/antonioteiza.org\/es\/\"},{\"@type\":\"ListItem\",\"position\":2,\"name\":\"Otros focos art\u00edsticos\"}]},{\"@type\":\"WebSite\",\"@id\":\"https:\/\/antonioteiza.org\/es\/#website\",\"url\":\"https:\/\/antonioteiza.org\/es\/\",\"name\":\"Antonio Oteiza\",\"description\":\"Just another WordPress site\",\"publisher\":{\"@id\":\"https:\/\/antonioteiza.org\/es\/#organization\"},\"potentialAction\":[{\"@type\":\"SearchAction\",\"target\":{\"@type\":\"EntryPoint\",\"urlTemplate\":\"https:\/\/antonioteiza.org\/es\/?s={search_term_string}\"},\"query-input\":{\"@type\":\"PropertyValueSpecification\",\"valueRequired\":true,\"valueName\":\"search_term_string\"}}],\"inLanguage\":\"es\"},{\"@type\":\"Organization\",\"@id\":\"https:\/\/antonioteiza.org\/es\/#organization\",\"name\":\"Antonio Oteiza\",\"url\":\"https:\/\/antonioteiza.org\/es\/\",\"logo\":{\"@type\":\"ImageObject\",\"inLanguage\":\"es\",\"@id\":\"https:\/\/antonioteiza.org\/es\/#\/schema\/logo\/image\/\",\"url\":\"https:\/\/antonioteiza.org\/wp-content\/uploads\/2022\/06\/cropped-oteiza-logo.jpg\",\"contentUrl\":\"https:\/\/antonioteiza.org\/wp-content\/uploads\/2022\/06\/cropped-oteiza-logo.jpg\",\"width\":256,\"height\":91,\"caption\":\"Antonio Oteiza\"},\"image\":{\"@id\":\"https:\/\/antonioteiza.org\/es\/#\/schema\/logo\/image\/\"}},{\"@type\":\"Person\",\"@id\":\"https:\/\/antonioteiza.org\/es\/#\/schema\/person\/2b87cebc07495c820ce05edf65e95a0d\",\"name\":\"kudeatzailea\",\"sameAs\":[\"https:\/\/antonioteiza.org\"]}]}<\/script>\n<!-- \/ Yoast SEO plugin. -->","yoast_head_json":{"title":"Otros focos art\u00edsticos - Antonio Oteiza","robots":{"index":"index","follow":"follow","max-snippet":"max-snippet:-1","max-image-preview":"max-image-preview:large","max-video-preview":"max-video-preview:-1"},"canonical":"https:\/\/antonioteiza.org\/es\/otros-focos-artisticos-2\/","og_locale":"es_ES","og_type":"article","og_title":"Otros focos art\u00edsticos - Antonio Oteiza","og_description":"En 2012 se coordin\u00f3 la posibilidad de exponer en el Centro Gaud\u00ed de Reus los 26 relieves de Oteiza sobre Gaud\u00ed, realizados en el taller de Neus Segr\u00eda, adem\u00e1s de preparar su digitalizaci\u00f3n para difusi\u00f3n.","og_url":"https:\/\/antonioteiza.org\/es\/otros-focos-artisticos-2\/","og_site_name":"Antonio Oteiza","article_published_time":"2012-06-23T11:18:00+00:00","article_modified_time":"2025-10-23T11:19:35+00:00","author":"kudeatzailea","twitter_card":"summary_large_image","twitter_misc":{"Written by":"kudeatzailea","Est. reading time":"1 minuto"},"schema":{"@context":"https:\/\/schema.org","@graph":[{"@type":"Article","@id":"https:\/\/antonioteiza.org\/es\/otros-focos-artisticos-2\/#article","isPartOf":{"@id":"https:\/\/antonioteiza.org\/es\/otros-focos-artisticos-2\/"},"author":{"name":"kudeatzailea","@id":"https:\/\/antonioteiza.org\/es\/#\/schema\/person\/2b87cebc07495c820ce05edf65e95a0d"},"headline":"Otros focos art\u00edsticos","datePublished":"2012-06-23T11:18:00+00:00","dateModified":"2025-10-23T11:19:35+00:00","mainEntityOfPage":{"@id":"https:\/\/antonioteiza.org\/es\/otros-focos-artisticos-2\/"},"wordCount":41,"publisher":{"@id":"https:\/\/antonioteiza.org\/es\/#organization"},"articleSection":["Actividades"],"inLanguage":"es"},{"@type":"WebPage","@id":"https:\/\/antonioteiza.org\/es\/otros-focos-artisticos-2\/","url":"https:\/\/antonioteiza.org\/es\/otros-focos-artisticos-2\/","name":"Otros focos art\u00edsticos - Antonio Oteiza","isPartOf":{"@id":"https:\/\/antonioteiza.org\/es\/#website"},"datePublished":"2012-06-23T11:18:00+00:00","dateModified":"2025-10-23T11:19:35+00:00","breadcrumb":{"@id":"https:\/\/antonioteiza.org\/es\/otros-focos-artisticos-2\/#breadcrumb"},"inLanguage":"es","potentialAction":[{"@type":"ReadAction","target":["https:\/\/antonioteiza.org\/es\/otros-focos-artisticos-2\/"]}]},{"@type":"BreadcrumbList","@id":"https:\/\/antonioteiza.org\/es\/otros-focos-artisticos-2\/#breadcrumb","itemListElement":[{"@type":"ListItem","position":1,"name":"Home","item":"https:\/\/antonioteiza.org\/es\/"},{"@type":"ListItem","position":2,"name":"Otros focos art\u00edsticos"}]},{"@type":"WebSite","@id":"https:\/\/antonioteiza.org\/es\/#website","url":"https:\/\/antonioteiza.org\/es\/","name":"Antonio Oteiza","description":"Just another WordPress site","publisher":{"@id":"https:\/\/antonioteiza.org\/es\/#organization"},"potentialAction":[{"@type":"SearchAction","target":{"@type":"EntryPoint","urlTemplate":"https:\/\/antonioteiza.org\/es\/?s={search_term_string}"},"query-input":{"@type":"PropertyValueSpecification","valueRequired":true,"valueName":"search_term_string"}}],"inLanguage":"es"},{"@type":"Organization","@id":"https:\/\/antonioteiza.org\/es\/#organization","name":"Antonio Oteiza","url":"https:\/\/antonioteiza.org\/es\/","logo":{"@type":"ImageObject","inLanguage":"es","@id":"https:\/\/antonioteiza.org\/es\/#\/schema\/logo\/image\/","url":"https:\/\/antonioteiza.org\/wp-content\/uploads\/2022\/06\/cropped-oteiza-logo.jpg","contentUrl":"https:\/\/antonioteiza.org\/wp-content\/uploads\/2022\/06\/cropped-oteiza-logo.jpg","width":256,"height":91,"caption":"Antonio Oteiza"},"image":{"@id":"https:\/\/antonioteiza.org\/es\/#\/schema\/logo\/image\/"}},{"@type":"Person","@id":"https:\/\/antonioteiza.org\/es\/#\/schema\/person\/2b87cebc07495c820ce05edf65e95a0d","name":"kudeatzailea","sameAs":["https:\/\/antonioteiza.org"]}]}},"_links":{"self":[{"href":"https:\/\/antonioteiza.org\/es\/wp-json\/wp\/v2\/posts\/1625","targetHints":{"allow":["GET"]}}],"collection":[{"href":"https:\/\/antonioteiza.org\/es\/wp-json\/wp\/v2\/posts"}],"about":[{"href":"https:\/\/antonioteiza.org\/es\/wp-json\/wp\/v2\/types\/post"}],"author":[{"embeddable":true,"href":"https:\/\/antonioteiza.org\/es\/wp-json\/wp\/v2\/users\/1"}],"replies":[{"embeddable":true,"href":"https:\/\/antonioteiza.org\/es\/wp-json\/wp\/v2\/comments?post=1625"}],"version-history":[{"count":1,"href":"https:\/\/antonioteiza.org\/es\/wp-json\/wp\/v2\/posts\/1625\/revisions"}],"predecessor-version":[{"id":1626,"href":"https:\/\/antonioteiza.org\/es\/wp-json\/wp\/v2\/posts\/1625\/revisions\/1626"}],"wp:attachment":[{"href":"https:\/\/antonioteiza.org\/es\/wp-json\/wp\/v2\/media?parent=1625"}],"wp:term":[{"taxonomy":"category","embeddable":true,"href":"https:\/\/antonioteiza.org\/es\/wp-json\/wp\/v2\/categories?post=1625"},{"taxonomy":"post_tag","embeddable":true,"href":"https:\/\/antonioteiza.org\/es\/wp-json\/wp\/v2\/tags?post=1625"}],"curies":[{"name":"wp","href":"https:\/\/api.w.org\/{rel}","templated":true}]}}