{"id":1629,"date":"2013-06-23T13:20:27","date_gmt":"2013-06-23T11:20:27","guid":{"rendered":"https:\/\/antonioteiza.org\/intsaustiko-erakusketa-2\/"},"modified":"2025-10-23T13:21:26","modified_gmt":"2025-10-23T11:21:26","slug":"exposicion-en-intsausti","status":"publish","type":"post","link":"https:\/\/antonioteiza.org\/es\/exposicion-en-intsausti\/","title":{"rendered":"Exposici\u00f3n en Intsausti"},"content":{"rendered":"<p>En 2013 se ordenaron los materiales expuestos en otras muestras y se recibieron numerosas visitas en el Palacio de Intsausti. Entre ellas, directivos del Banco Sabadell, grupos de la Ikastola Xabier Munibe, colectivos culturales de Bilbao y Donostia, miembros de Euskaltzaindia y de la RSBAP. Destac\u00f3 la visita del Rector de la Universidad de Deusto y del ex Lehendakari Jos\u00e9 Antonio Ardanza, con motivo del ingreso de Jos\u00e9 Luis Larrea como amigo de n\u00famero de la Bascongada.<\/p>\n","protected":false},"excerpt":{"rendered":"<p>En 2013 se ordenaron los materiales expuestos en otras muestras y se recibieron numerosas visitas en el Palacio de Intsausti. Entre ellas, directivos del Banco Sabadell, grupos de la Ikastola Xabier Munibe, colectivos culturales de Bilbao y Donostia, miembros de Euskaltzaindia y de la RSBAP. Destac\u00f3 la visita del Rector de la Universidad de Deusto [&hellip;]<\/p>\n","protected":false},"author":1,"featured_media":0,"comment_status":"closed","ping_status":"closed","sticky":false,"template":"","format":"standard","meta":{"_acf_changed":false,"footnotes":""},"categories":[4],"tags":[],"class_list":["post-1629","post","type-post","status-publish","format-standard","hentry","category-actividades"],"acf":[],"yoast_head":"<!-- This site is optimized with the Yoast SEO plugin v26.8 - https:\/\/yoast.com\/product\/yoast-seo-wordpress\/ -->\n<title>Exposici\u00f3n en Intsausti - Antonio Oteiza<\/title>\n<meta name=\"robots\" content=\"index, follow, max-snippet:-1, max-image-preview:large, max-video-preview:-1\" \/>\n<link rel=\"canonical\" href=\"https:\/\/antonioteiza.org\/es\/exposicion-en-intsausti\/\" \/>\n<meta property=\"og:locale\" content=\"es_ES\" \/>\n<meta property=\"og:type\" content=\"article\" \/>\n<meta property=\"og:title\" content=\"Exposici\u00f3n en Intsausti - Antonio Oteiza\" \/>\n<meta property=\"og:description\" content=\"En 2013 se ordenaron los materiales expuestos en otras muestras y se recibieron numerosas visitas en el Palacio de Intsausti. Entre ellas, directivos del Banco Sabadell, grupos de la Ikastola Xabier Munibe, colectivos culturales de Bilbao y Donostia, miembros de Euskaltzaindia y de la RSBAP. Destac\u00f3 la visita del Rector de la Universidad de Deusto [&hellip;]\" \/>\n<meta property=\"og:url\" content=\"https:\/\/antonioteiza.org\/es\/exposicion-en-intsausti\/\" \/>\n<meta property=\"og:site_name\" content=\"Antonio Oteiza\" \/>\n<meta property=\"article:published_time\" content=\"2013-06-23T11:20:27+00:00\" \/>\n<meta property=\"article:modified_time\" content=\"2025-10-23T11:21:26+00:00\" \/>\n<meta name=\"author\" content=\"kudeatzailea\" \/>\n<meta name=\"twitter:card\" content=\"summary_large_image\" \/>\n<meta name=\"twitter:label1\" content=\"Written by\" \/>\n\t<meta name=\"twitter:data1\" content=\"kudeatzailea\" \/>\n\t<meta name=\"twitter:label2\" content=\"Est. reading time\" \/>\n\t<meta name=\"twitter:data2\" content=\"1 minuto\" \/>\n<script type=\"application\/ld+json\" class=\"yoast-schema-graph\">{\"@context\":\"https:\/\/schema.org\",\"@graph\":[{\"@type\":\"Article\",\"@id\":\"https:\/\/antonioteiza.org\/es\/exposicion-en-intsausti\/#article\",\"isPartOf\":{\"@id\":\"https:\/\/antonioteiza.org\/es\/exposicion-en-intsausti\/\"},\"author\":{\"name\":\"kudeatzailea\",\"@id\":\"https:\/\/antonioteiza.org\/es\/#\/schema\/person\/2b87cebc07495c820ce05edf65e95a0d\"},\"headline\":\"Exposici\u00f3n en Intsausti\",\"datePublished\":\"2013-06-23T11:20:27+00:00\",\"dateModified\":\"2025-10-23T11:21:26+00:00\",\"mainEntityOfPage\":{\"@id\":\"https:\/\/antonioteiza.org\/es\/exposicion-en-intsausti\/\"},\"wordCount\":81,\"publisher\":{\"@id\":\"https:\/\/antonioteiza.org\/es\/#organization\"},\"articleSection\":[\"Actividades\"],\"inLanguage\":\"es\"},{\"@type\":\"WebPage\",\"@id\":\"https:\/\/antonioteiza.org\/es\/exposicion-en-intsausti\/\",\"url\":\"https:\/\/antonioteiza.org\/es\/exposicion-en-intsausti\/\",\"name\":\"Exposici\u00f3n en Intsausti - Antonio Oteiza\",\"isPartOf\":{\"@id\":\"https:\/\/antonioteiza.org\/es\/#website\"},\"datePublished\":\"2013-06-23T11:20:27+00:00\",\"dateModified\":\"2025-10-23T11:21:26+00:00\",\"breadcrumb\":{\"@id\":\"https:\/\/antonioteiza.org\/es\/exposicion-en-intsausti\/#breadcrumb\"},\"inLanguage\":\"es\",\"potentialAction\":[{\"@type\":\"ReadAction\",\"target\":[\"https:\/\/antonioteiza.org\/es\/exposicion-en-intsausti\/\"]}]},{\"@type\":\"BreadcrumbList\",\"@id\":\"https:\/\/antonioteiza.org\/es\/exposicion-en-intsausti\/#breadcrumb\",\"itemListElement\":[{\"@type\":\"ListItem\",\"position\":1,\"name\":\"Home\",\"item\":\"https:\/\/antonioteiza.org\/es\/\"},{\"@type\":\"ListItem\",\"position\":2,\"name\":\"Exposici\u00f3n en Intsausti\"}]},{\"@type\":\"WebSite\",\"@id\":\"https:\/\/antonioteiza.org\/es\/#website\",\"url\":\"https:\/\/antonioteiza.org\/es\/\",\"name\":\"Antonio Oteiza\",\"description\":\"Just another WordPress site\",\"publisher\":{\"@id\":\"https:\/\/antonioteiza.org\/es\/#organization\"},\"potentialAction\":[{\"@type\":\"SearchAction\",\"target\":{\"@type\":\"EntryPoint\",\"urlTemplate\":\"https:\/\/antonioteiza.org\/es\/?s={search_term_string}\"},\"query-input\":{\"@type\":\"PropertyValueSpecification\",\"valueRequired\":true,\"valueName\":\"search_term_string\"}}],\"inLanguage\":\"es\"},{\"@type\":\"Organization\",\"@id\":\"https:\/\/antonioteiza.org\/es\/#organization\",\"name\":\"Antonio Oteiza\",\"url\":\"https:\/\/antonioteiza.org\/es\/\",\"logo\":{\"@type\":\"ImageObject\",\"inLanguage\":\"es\",\"@id\":\"https:\/\/antonioteiza.org\/es\/#\/schema\/logo\/image\/\",\"url\":\"https:\/\/antonioteiza.org\/wp-content\/uploads\/2022\/06\/cropped-oteiza-logo.jpg\",\"contentUrl\":\"https:\/\/antonioteiza.org\/wp-content\/uploads\/2022\/06\/cropped-oteiza-logo.jpg\",\"width\":256,\"height\":91,\"caption\":\"Antonio Oteiza\"},\"image\":{\"@id\":\"https:\/\/antonioteiza.org\/es\/#\/schema\/logo\/image\/\"}},{\"@type\":\"Person\",\"@id\":\"https:\/\/antonioteiza.org\/es\/#\/schema\/person\/2b87cebc07495c820ce05edf65e95a0d\",\"name\":\"kudeatzailea\",\"sameAs\":[\"https:\/\/antonioteiza.org\"]}]}<\/script>\n<!-- \/ Yoast SEO plugin. -->","yoast_head_json":{"title":"Exposici\u00f3n en Intsausti - Antonio Oteiza","robots":{"index":"index","follow":"follow","max-snippet":"max-snippet:-1","max-image-preview":"max-image-preview:large","max-video-preview":"max-video-preview:-1"},"canonical":"https:\/\/antonioteiza.org\/es\/exposicion-en-intsausti\/","og_locale":"es_ES","og_type":"article","og_title":"Exposici\u00f3n en Intsausti - Antonio Oteiza","og_description":"En 2013 se ordenaron los materiales expuestos en otras muestras y se recibieron numerosas visitas en el Palacio de Intsausti. Entre ellas, directivos del Banco Sabadell, grupos de la Ikastola Xabier Munibe, colectivos culturales de Bilbao y Donostia, miembros de Euskaltzaindia y de la RSBAP. Destac\u00f3 la visita del Rector de la Universidad de Deusto [&hellip;]","og_url":"https:\/\/antonioteiza.org\/es\/exposicion-en-intsausti\/","og_site_name":"Antonio Oteiza","article_published_time":"2013-06-23T11:20:27+00:00","article_modified_time":"2025-10-23T11:21:26+00:00","author":"kudeatzailea","twitter_card":"summary_large_image","twitter_misc":{"Written by":"kudeatzailea","Est. reading time":"1 minuto"},"schema":{"@context":"https:\/\/schema.org","@graph":[{"@type":"Article","@id":"https:\/\/antonioteiza.org\/es\/exposicion-en-intsausti\/#article","isPartOf":{"@id":"https:\/\/antonioteiza.org\/es\/exposicion-en-intsausti\/"},"author":{"name":"kudeatzailea","@id":"https:\/\/antonioteiza.org\/es\/#\/schema\/person\/2b87cebc07495c820ce05edf65e95a0d"},"headline":"Exposici\u00f3n en Intsausti","datePublished":"2013-06-23T11:20:27+00:00","dateModified":"2025-10-23T11:21:26+00:00","mainEntityOfPage":{"@id":"https:\/\/antonioteiza.org\/es\/exposicion-en-intsausti\/"},"wordCount":81,"publisher":{"@id":"https:\/\/antonioteiza.org\/es\/#organization"},"articleSection":["Actividades"],"inLanguage":"es"},{"@type":"WebPage","@id":"https:\/\/antonioteiza.org\/es\/exposicion-en-intsausti\/","url":"https:\/\/antonioteiza.org\/es\/exposicion-en-intsausti\/","name":"Exposici\u00f3n en Intsausti - Antonio Oteiza","isPartOf":{"@id":"https:\/\/antonioteiza.org\/es\/#website"},"datePublished":"2013-06-23T11:20:27+00:00","dateModified":"2025-10-23T11:21:26+00:00","breadcrumb":{"@id":"https:\/\/antonioteiza.org\/es\/exposicion-en-intsausti\/#breadcrumb"},"inLanguage":"es","potentialAction":[{"@type":"ReadAction","target":["https:\/\/antonioteiza.org\/es\/exposicion-en-intsausti\/"]}]},{"@type":"BreadcrumbList","@id":"https:\/\/antonioteiza.org\/es\/exposicion-en-intsausti\/#breadcrumb","itemListElement":[{"@type":"ListItem","position":1,"name":"Home","item":"https:\/\/antonioteiza.org\/es\/"},{"@type":"ListItem","position":2,"name":"Exposici\u00f3n en Intsausti"}]},{"@type":"WebSite","@id":"https:\/\/antonioteiza.org\/es\/#website","url":"https:\/\/antonioteiza.org\/es\/","name":"Antonio Oteiza","description":"Just another WordPress site","publisher":{"@id":"https:\/\/antonioteiza.org\/es\/#organization"},"potentialAction":[{"@type":"SearchAction","target":{"@type":"EntryPoint","urlTemplate":"https:\/\/antonioteiza.org\/es\/?s={search_term_string}"},"query-input":{"@type":"PropertyValueSpecification","valueRequired":true,"valueName":"search_term_string"}}],"inLanguage":"es"},{"@type":"Organization","@id":"https:\/\/antonioteiza.org\/es\/#organization","name":"Antonio Oteiza","url":"https:\/\/antonioteiza.org\/es\/","logo":{"@type":"ImageObject","inLanguage":"es","@id":"https:\/\/antonioteiza.org\/es\/#\/schema\/logo\/image\/","url":"https:\/\/antonioteiza.org\/wp-content\/uploads\/2022\/06\/cropped-oteiza-logo.jpg","contentUrl":"https:\/\/antonioteiza.org\/wp-content\/uploads\/2022\/06\/cropped-oteiza-logo.jpg","width":256,"height":91,"caption":"Antonio Oteiza"},"image":{"@id":"https:\/\/antonioteiza.org\/es\/#\/schema\/logo\/image\/"}},{"@type":"Person","@id":"https:\/\/antonioteiza.org\/es\/#\/schema\/person\/2b87cebc07495c820ce05edf65e95a0d","name":"kudeatzailea","sameAs":["https:\/\/antonioteiza.org"]}]}},"_links":{"self":[{"href":"https:\/\/antonioteiza.org\/es\/wp-json\/wp\/v2\/posts\/1629","targetHints":{"allow":["GET"]}}],"collection":[{"href":"https:\/\/antonioteiza.org\/es\/wp-json\/wp\/v2\/posts"}],"about":[{"href":"https:\/\/antonioteiza.org\/es\/wp-json\/wp\/v2\/types\/post"}],"author":[{"embeddable":true,"href":"https:\/\/antonioteiza.org\/es\/wp-json\/wp\/v2\/users\/1"}],"replies":[{"embeddable":true,"href":"https:\/\/antonioteiza.org\/es\/wp-json\/wp\/v2\/comments?post=1629"}],"version-history":[{"count":1,"href":"https:\/\/antonioteiza.org\/es\/wp-json\/wp\/v2\/posts\/1629\/revisions"}],"predecessor-version":[{"id":1630,"href":"https:\/\/antonioteiza.org\/es\/wp-json\/wp\/v2\/posts\/1629\/revisions\/1630"}],"wp:attachment":[{"href":"https:\/\/antonioteiza.org\/es\/wp-json\/wp\/v2\/media?parent=1629"}],"wp:term":[{"taxonomy":"category","embeddable":true,"href":"https:\/\/antonioteiza.org\/es\/wp-json\/wp\/v2\/categories?post=1629"},{"taxonomy":"post_tag","embeddable":true,"href":"https:\/\/antonioteiza.org\/es\/wp-json\/wp\/v2\/tags?post=1629"}],"curies":[{"name":"wp","href":"https:\/\/api.w.org\/{rel}","templated":true}]}}