{"id":563,"date":"2009-06-27T00:00:00","date_gmt":"2009-06-26T22:00:00","guid":{"rendered":"http:\/\/antonioteiza.org\/1-edicin-del-pilota-eguna-en-azkoitia\/"},"modified":"2022-08-23T12:03:07","modified_gmt":"2022-08-23T10:03:07","slug":"1-edicin-del-pilota-eguna-en-azkoitia","status":"publish","type":"post","link":"https:\/\/antonioteiza.org\/es\/1-edicin-del-pilota-eguna-en-azkoitia\/","title":{"rendered":"1&ordm; edici&oacute;n del Pilota Eguna en Azkoitia"},"content":{"rendered":"<p>El Ayuntamiento de Azkoitia, con la colaboraci\u00f3n de la Fundaci\u00f3n Antonio Oteiza, organiz\u00f3 la 1\u00ba edici\u00f3n del Pilota Eguna en los Frontones Jorge Oteiza, con el fin de dibulgar una imagen global de este deporte.<\/p>\n<p>El programa de la jornada contaba con grandes desaf\u00edos de modalidades muy diversas de la pelota, como joko garbi, rebote, xare, pala, gran xistera o pelota mano. Aficionados a este deporte, turistas y curiosos se acercaron hasta Azkoitia para disfrutar de multitud de partidos y conocer m\u00e1s de cerca muchos aspectos desconocidos de la pelota.<\/p>\n<p>&nbsp;<\/p>\n","protected":false},"excerpt":{"rendered":"<p>Los Frontones Jorge Oteiza cogen un amplio programa que cuenta con grandes desaf&iacute;os de diversas modalidades de la pelota<\/p>\n","protected":false},"author":1,"featured_media":561,"comment_status":"open","ping_status":"closed","sticky":false,"template":"","format":"standard","meta":{"_acf_changed":false,"footnotes":""},"categories":[4],"tags":[],"class_list":["post-563","post","type-post","status-publish","format-standard","has-post-thumbnail","hentry","category-actividades"],"acf":[],"yoast_head":"<!-- This site is optimized with the Yoast SEO plugin v26.8 - https:\/\/yoast.com\/product\/yoast-seo-wordpress\/ -->\n<title>1&ordm; edici&oacute;n del Pilota Eguna en Azkoitia - Antonio Oteiza<\/title>\n<meta name=\"robots\" content=\"index, follow, max-snippet:-1, max-image-preview:large, max-video-preview:-1\" \/>\n<link rel=\"canonical\" href=\"https:\/\/antonioteiza.org\/es\/1-edicin-del-pilota-eguna-en-azkoitia\/\" \/>\n<meta property=\"og:locale\" content=\"es_ES\" \/>\n<meta property=\"og:type\" content=\"article\" \/>\n<meta property=\"og:title\" content=\"1&ordm; edici&oacute;n del Pilota Eguna en Azkoitia - Antonio Oteiza\" \/>\n<meta property=\"og:description\" content=\"Los Frontones Jorge Oteiza cogen un amplio programa que cuenta con grandes desaf&iacute;os de diversas modalidades de la pelota\" \/>\n<meta property=\"og:url\" content=\"https:\/\/antonioteiza.org\/es\/1-edicin-del-pilota-eguna-en-azkoitia\/\" \/>\n<meta property=\"og:site_name\" content=\"Antonio Oteiza\" \/>\n<meta property=\"article:published_time\" content=\"2009-06-26T22:00:00+00:00\" \/>\n<meta property=\"article:modified_time\" content=\"2022-08-23T10:03:07+00:00\" \/>\n<meta property=\"og:image\" content=\"https:\/\/antonioteiza.org\/wp-content\/uploads\/2022\/08\/pilota_eguna_foto_para_actividad-1.jpg\" \/>\n\t<meta property=\"og:image:width\" content=\"100\" \/>\n\t<meta property=\"og:image:height\" content=\"106\" \/>\n\t<meta property=\"og:image:type\" content=\"image\/jpeg\" \/>\n<meta name=\"author\" content=\"kudeatzailea\" \/>\n<meta name=\"twitter:card\" content=\"summary_large_image\" \/>\n<meta name=\"twitter:label1\" content=\"Written by\" \/>\n\t<meta name=\"twitter:data1\" content=\"kudeatzailea\" \/>\n<script type=\"application\/ld+json\" class=\"yoast-schema-graph\">{\"@context\":\"https:\/\/schema.org\",\"@graph\":[{\"@type\":\"Article\",\"@id\":\"https:\/\/antonioteiza.org\/es\/1-edicin-del-pilota-eguna-en-azkoitia\/#article\",\"isPartOf\":{\"@id\":\"https:\/\/antonioteiza.org\/es\/1-edicin-del-pilota-eguna-en-azkoitia\/\"},\"author\":{\"name\":\"kudeatzailea\",\"@id\":\"https:\/\/antonioteiza.org\/es\/#\/schema\/person\/2b87cebc07495c820ce05edf65e95a0d\"},\"headline\":\"1&ordm; edici&oacute;n del Pilota Eguna en Azkoitia\",\"datePublished\":\"2009-06-26T22:00:00+00:00\",\"dateModified\":\"2022-08-23T10:03:07+00:00\",\"mainEntityOfPage\":{\"@id\":\"https:\/\/antonioteiza.org\/es\/1-edicin-del-pilota-eguna-en-azkoitia\/\"},\"wordCount\":104,\"commentCount\":0,\"publisher\":{\"@id\":\"https:\/\/antonioteiza.org\/es\/#organization\"},\"image\":{\"@id\":\"https:\/\/antonioteiza.org\/es\/1-edicin-del-pilota-eguna-en-azkoitia\/#primaryimage\"},\"thumbnailUrl\":\"https:\/\/antonioteiza.org\/wp-content\/uploads\/2022\/08\/pilota_eguna_foto_para_actividad-1.jpg\",\"articleSection\":[\"Actividades\"],\"inLanguage\":\"es\",\"potentialAction\":[{\"@type\":\"CommentAction\",\"name\":\"Comment\",\"target\":[\"https:\/\/antonioteiza.org\/es\/1-edicin-del-pilota-eguna-en-azkoitia\/#respond\"]}]},{\"@type\":\"WebPage\",\"@id\":\"https:\/\/antonioteiza.org\/es\/1-edicin-del-pilota-eguna-en-azkoitia\/\",\"url\":\"https:\/\/antonioteiza.org\/es\/1-edicin-del-pilota-eguna-en-azkoitia\/\",\"name\":\"1&ordm; edici&oacute;n del Pilota Eguna en Azkoitia - Antonio Oteiza\",\"isPartOf\":{\"@id\":\"https:\/\/antonioteiza.org\/es\/#website\"},\"primaryImageOfPage\":{\"@id\":\"https:\/\/antonioteiza.org\/es\/1-edicin-del-pilota-eguna-en-azkoitia\/#primaryimage\"},\"image\":{\"@id\":\"https:\/\/antonioteiza.org\/es\/1-edicin-del-pilota-eguna-en-azkoitia\/#primaryimage\"},\"thumbnailUrl\":\"https:\/\/antonioteiza.org\/wp-content\/uploads\/2022\/08\/pilota_eguna_foto_para_actividad-1.jpg\",\"datePublished\":\"2009-06-26T22:00:00+00:00\",\"dateModified\":\"2022-08-23T10:03:07+00:00\",\"breadcrumb\":{\"@id\":\"https:\/\/antonioteiza.org\/es\/1-edicin-del-pilota-eguna-en-azkoitia\/#breadcrumb\"},\"inLanguage\":\"es\",\"potentialAction\":[{\"@type\":\"ReadAction\",\"target\":[\"https:\/\/antonioteiza.org\/es\/1-edicin-del-pilota-eguna-en-azkoitia\/\"]}]},{\"@type\":\"ImageObject\",\"inLanguage\":\"es\",\"@id\":\"https:\/\/antonioteiza.org\/es\/1-edicin-del-pilota-eguna-en-azkoitia\/#primaryimage\",\"url\":\"https:\/\/antonioteiza.org\/wp-content\/uploads\/2022\/08\/pilota_eguna_foto_para_actividad-1.jpg\",\"contentUrl\":\"https:\/\/antonioteiza.org\/wp-content\/uploads\/2022\/08\/pilota_eguna_foto_para_actividad-1.jpg\",\"width\":100,\"height\":106},{\"@type\":\"BreadcrumbList\",\"@id\":\"https:\/\/antonioteiza.org\/es\/1-edicin-del-pilota-eguna-en-azkoitia\/#breadcrumb\",\"itemListElement\":[{\"@type\":\"ListItem\",\"position\":1,\"name\":\"Home\",\"item\":\"https:\/\/antonioteiza.org\/es\/\"},{\"@type\":\"ListItem\",\"position\":2,\"name\":\"1&ordm; edici&oacute;n del Pilota Eguna en Azkoitia\"}]},{\"@type\":\"WebSite\",\"@id\":\"https:\/\/antonioteiza.org\/es\/#website\",\"url\":\"https:\/\/antonioteiza.org\/es\/\",\"name\":\"Antonio Oteiza\",\"description\":\"Just another WordPress site\",\"publisher\":{\"@id\":\"https:\/\/antonioteiza.org\/es\/#organization\"},\"potentialAction\":[{\"@type\":\"SearchAction\",\"target\":{\"@type\":\"EntryPoint\",\"urlTemplate\":\"https:\/\/antonioteiza.org\/es\/?s={search_term_string}\"},\"query-input\":{\"@type\":\"PropertyValueSpecification\",\"valueRequired\":true,\"valueName\":\"search_term_string\"}}],\"inLanguage\":\"es\"},{\"@type\":\"Organization\",\"@id\":\"https:\/\/antonioteiza.org\/es\/#organization\",\"name\":\"Antonio Oteiza\",\"url\":\"https:\/\/antonioteiza.org\/es\/\",\"logo\":{\"@type\":\"ImageObject\",\"inLanguage\":\"es\",\"@id\":\"https:\/\/antonioteiza.org\/es\/#\/schema\/logo\/image\/\",\"url\":\"https:\/\/antonioteiza.org\/wp-content\/uploads\/2022\/06\/cropped-oteiza-logo.jpg\",\"contentUrl\":\"https:\/\/antonioteiza.org\/wp-content\/uploads\/2022\/06\/cropped-oteiza-logo.jpg\",\"width\":256,\"height\":91,\"caption\":\"Antonio Oteiza\"},\"image\":{\"@id\":\"https:\/\/antonioteiza.org\/es\/#\/schema\/logo\/image\/\"}},{\"@type\":\"Person\",\"@id\":\"https:\/\/antonioteiza.org\/es\/#\/schema\/person\/2b87cebc07495c820ce05edf65e95a0d\",\"name\":\"kudeatzailea\",\"sameAs\":[\"https:\/\/antonioteiza.org\"]}]}<\/script>\n<!-- \/ Yoast SEO plugin. -->","yoast_head_json":{"title":"1&ordm; edici&oacute;n del Pilota Eguna en Azkoitia - Antonio Oteiza","robots":{"index":"index","follow":"follow","max-snippet":"max-snippet:-1","max-image-preview":"max-image-preview:large","max-video-preview":"max-video-preview:-1"},"canonical":"https:\/\/antonioteiza.org\/es\/1-edicin-del-pilota-eguna-en-azkoitia\/","og_locale":"es_ES","og_type":"article","og_title":"1&ordm; edici&oacute;n del Pilota Eguna en Azkoitia - Antonio Oteiza","og_description":"Los Frontones Jorge Oteiza cogen un amplio programa que cuenta con grandes desaf&iacute;os de diversas modalidades de la pelota","og_url":"https:\/\/antonioteiza.org\/es\/1-edicin-del-pilota-eguna-en-azkoitia\/","og_site_name":"Antonio Oteiza","article_published_time":"2009-06-26T22:00:00+00:00","article_modified_time":"2022-08-23T10:03:07+00:00","og_image":[{"width":100,"height":106,"url":"https:\/\/antonioteiza.org\/wp-content\/uploads\/2022\/08\/pilota_eguna_foto_para_actividad-1.jpg","type":"image\/jpeg"}],"author":"kudeatzailea","twitter_card":"summary_large_image","twitter_misc":{"Written by":"kudeatzailea"},"schema":{"@context":"https:\/\/schema.org","@graph":[{"@type":"Article","@id":"https:\/\/antonioteiza.org\/es\/1-edicin-del-pilota-eguna-en-azkoitia\/#article","isPartOf":{"@id":"https:\/\/antonioteiza.org\/es\/1-edicin-del-pilota-eguna-en-azkoitia\/"},"author":{"name":"kudeatzailea","@id":"https:\/\/antonioteiza.org\/es\/#\/schema\/person\/2b87cebc07495c820ce05edf65e95a0d"},"headline":"1&ordm; edici&oacute;n del Pilota Eguna en Azkoitia","datePublished":"2009-06-26T22:00:00+00:00","dateModified":"2022-08-23T10:03:07+00:00","mainEntityOfPage":{"@id":"https:\/\/antonioteiza.org\/es\/1-edicin-del-pilota-eguna-en-azkoitia\/"},"wordCount":104,"commentCount":0,"publisher":{"@id":"https:\/\/antonioteiza.org\/es\/#organization"},"image":{"@id":"https:\/\/antonioteiza.org\/es\/1-edicin-del-pilota-eguna-en-azkoitia\/#primaryimage"},"thumbnailUrl":"https:\/\/antonioteiza.org\/wp-content\/uploads\/2022\/08\/pilota_eguna_foto_para_actividad-1.jpg","articleSection":["Actividades"],"inLanguage":"es","potentialAction":[{"@type":"CommentAction","name":"Comment","target":["https:\/\/antonioteiza.org\/es\/1-edicin-del-pilota-eguna-en-azkoitia\/#respond"]}]},{"@type":"WebPage","@id":"https:\/\/antonioteiza.org\/es\/1-edicin-del-pilota-eguna-en-azkoitia\/","url":"https:\/\/antonioteiza.org\/es\/1-edicin-del-pilota-eguna-en-azkoitia\/","name":"1&ordm; edici&oacute;n del Pilota Eguna en Azkoitia - Antonio Oteiza","isPartOf":{"@id":"https:\/\/antonioteiza.org\/es\/#website"},"primaryImageOfPage":{"@id":"https:\/\/antonioteiza.org\/es\/1-edicin-del-pilota-eguna-en-azkoitia\/#primaryimage"},"image":{"@id":"https:\/\/antonioteiza.org\/es\/1-edicin-del-pilota-eguna-en-azkoitia\/#primaryimage"},"thumbnailUrl":"https:\/\/antonioteiza.org\/wp-content\/uploads\/2022\/08\/pilota_eguna_foto_para_actividad-1.jpg","datePublished":"2009-06-26T22:00:00+00:00","dateModified":"2022-08-23T10:03:07+00:00","breadcrumb":{"@id":"https:\/\/antonioteiza.org\/es\/1-edicin-del-pilota-eguna-en-azkoitia\/#breadcrumb"},"inLanguage":"es","potentialAction":[{"@type":"ReadAction","target":["https:\/\/antonioteiza.org\/es\/1-edicin-del-pilota-eguna-en-azkoitia\/"]}]},{"@type":"ImageObject","inLanguage":"es","@id":"https:\/\/antonioteiza.org\/es\/1-edicin-del-pilota-eguna-en-azkoitia\/#primaryimage","url":"https:\/\/antonioteiza.org\/wp-content\/uploads\/2022\/08\/pilota_eguna_foto_para_actividad-1.jpg","contentUrl":"https:\/\/antonioteiza.org\/wp-content\/uploads\/2022\/08\/pilota_eguna_foto_para_actividad-1.jpg","width":100,"height":106},{"@type":"BreadcrumbList","@id":"https:\/\/antonioteiza.org\/es\/1-edicin-del-pilota-eguna-en-azkoitia\/#breadcrumb","itemListElement":[{"@type":"ListItem","position":1,"name":"Home","item":"https:\/\/antonioteiza.org\/es\/"},{"@type":"ListItem","position":2,"name":"1&ordm; edici&oacute;n del Pilota Eguna en Azkoitia"}]},{"@type":"WebSite","@id":"https:\/\/antonioteiza.org\/es\/#website","url":"https:\/\/antonioteiza.org\/es\/","name":"Antonio Oteiza","description":"Just another WordPress site","publisher":{"@id":"https:\/\/antonioteiza.org\/es\/#organization"},"potentialAction":[{"@type":"SearchAction","target":{"@type":"EntryPoint","urlTemplate":"https:\/\/antonioteiza.org\/es\/?s={search_term_string}"},"query-input":{"@type":"PropertyValueSpecification","valueRequired":true,"valueName":"search_term_string"}}],"inLanguage":"es"},{"@type":"Organization","@id":"https:\/\/antonioteiza.org\/es\/#organization","name":"Antonio Oteiza","url":"https:\/\/antonioteiza.org\/es\/","logo":{"@type":"ImageObject","inLanguage":"es","@id":"https:\/\/antonioteiza.org\/es\/#\/schema\/logo\/image\/","url":"https:\/\/antonioteiza.org\/wp-content\/uploads\/2022\/06\/cropped-oteiza-logo.jpg","contentUrl":"https:\/\/antonioteiza.org\/wp-content\/uploads\/2022\/06\/cropped-oteiza-logo.jpg","width":256,"height":91,"caption":"Antonio Oteiza"},"image":{"@id":"https:\/\/antonioteiza.org\/es\/#\/schema\/logo\/image\/"}},{"@type":"Person","@id":"https:\/\/antonioteiza.org\/es\/#\/schema\/person\/2b87cebc07495c820ce05edf65e95a0d","name":"kudeatzailea","sameAs":["https:\/\/antonioteiza.org"]}]}},"_links":{"self":[{"href":"https:\/\/antonioteiza.org\/es\/wp-json\/wp\/v2\/posts\/563","targetHints":{"allow":["GET"]}}],"collection":[{"href":"https:\/\/antonioteiza.org\/es\/wp-json\/wp\/v2\/posts"}],"about":[{"href":"https:\/\/antonioteiza.org\/es\/wp-json\/wp\/v2\/types\/post"}],"author":[{"embeddable":true,"href":"https:\/\/antonioteiza.org\/es\/wp-json\/wp\/v2\/users\/1"}],"replies":[{"embeddable":true,"href":"https:\/\/antonioteiza.org\/es\/wp-json\/wp\/v2\/comments?post=563"}],"version-history":[{"count":1,"href":"https:\/\/antonioteiza.org\/es\/wp-json\/wp\/v2\/posts\/563\/revisions"}],"predecessor-version":[{"id":627,"href":"https:\/\/antonioteiza.org\/es\/wp-json\/wp\/v2\/posts\/563\/revisions\/627"}],"wp:featuredmedia":[{"embeddable":true,"href":"https:\/\/antonioteiza.org\/es\/wp-json\/wp\/v2\/media\/561"}],"wp:attachment":[{"href":"https:\/\/antonioteiza.org\/es\/wp-json\/wp\/v2\/media?parent=563"}],"wp:term":[{"taxonomy":"category","embeddable":true,"href":"https:\/\/antonioteiza.org\/es\/wp-json\/wp\/v2\/categories?post=563"},{"taxonomy":"post_tag","embeddable":true,"href":"https:\/\/antonioteiza.org\/es\/wp-json\/wp\/v2\/tags?post=563"}],"curies":[{"name":"wp","href":"https:\/\/api.w.org\/{rel}","templated":true}]}}