{"id":573,"date":"2010-07-06T00:00:00","date_gmt":"2010-07-05T22:00:00","guid":{"rendered":"http:\/\/antonioteiza.org\/exposicin-de-gorka-larraaga-en-mxico\/"},"modified":"2022-08-23T12:02:45","modified_gmt":"2022-08-23T10:02:45","slug":"exposicin-de-gorka-larraaga-en-mxico","status":"publish","type":"post","link":"https:\/\/antonioteiza.org\/es\/exposicin-de-gorka-larraaga-en-mxico\/","title":{"rendered":"Exposici&oacute;n de Gorka Larra&ntilde;aga en M&eacute;xico."},"content":{"rendered":"<p>El pasado mes de Mayo el artista Azkoitiarra <strong>Gorka Larra\u00f1aga<\/strong> present\u00f3 una exposici\u00f3n de sus \u00faltimas creaciones en la fundaci\u00f3n del ex presidente D. Vicente Fox, en M\u00e9xico, con motivo de la semana dedicada a Espa\u00f1a. En ella se pudo presentar as\u00ed mismo informaci\u00f3n relativa al escultor Antonio Oteiza y a la fundaci\u00f3n que lleva su nombre.<\/p>\n","protected":false},"excerpt":{"rendered":"<p>El pasado mes de Mayo el artista Azkoitiarra <strong>Gorka Larra&ntilde;aga<\/strong> present&oacute; una exposici&oacute;n de sus &uacute;ltimas creaciones en la fundaci&oacute;n del ex presidente D. Vicente Fox&#8230;<\/p>\n","protected":false},"author":1,"featured_media":0,"comment_status":"closed","ping_status":"closed","sticky":false,"template":"","format":"standard","meta":{"_acf_changed":false,"footnotes":""},"categories":[4],"tags":[],"class_list":["post-573","post","type-post","status-publish","format-standard","hentry","category-actividades"],"acf":[],"yoast_head":"<!-- This site is optimized with the Yoast SEO plugin v26.8 - https:\/\/yoast.com\/product\/yoast-seo-wordpress\/ -->\n<title>Exposici&oacute;n de Gorka Larra&ntilde;aga en M&eacute;xico. - Antonio Oteiza<\/title>\n<meta name=\"robots\" content=\"index, follow, max-snippet:-1, max-image-preview:large, max-video-preview:-1\" \/>\n<link rel=\"canonical\" href=\"https:\/\/antonioteiza.org\/es\/exposicin-de-gorka-larraaga-en-mxico\/\" \/>\n<meta property=\"og:locale\" content=\"es_ES\" \/>\n<meta property=\"og:type\" content=\"article\" \/>\n<meta property=\"og:title\" content=\"Exposici&oacute;n de Gorka Larra&ntilde;aga en M&eacute;xico. - Antonio Oteiza\" \/>\n<meta property=\"og:description\" content=\"El pasado mes de Mayo el artista Azkoitiarra Gorka Larra&ntilde;aga present&oacute; una exposici&oacute;n de sus &uacute;ltimas creaciones en la fundaci&oacute;n del ex presidente D. Vicente Fox...\" \/>\n<meta property=\"og:url\" content=\"https:\/\/antonioteiza.org\/es\/exposicin-de-gorka-larraaga-en-mxico\/\" \/>\n<meta property=\"og:site_name\" content=\"Antonio Oteiza\" \/>\n<meta property=\"article:published_time\" content=\"2010-07-05T22:00:00+00:00\" \/>\n<meta property=\"article:modified_time\" content=\"2022-08-23T10:02:45+00:00\" \/>\n<meta name=\"author\" content=\"kudeatzailea\" \/>\n<meta name=\"twitter:card\" content=\"summary_large_image\" \/>\n<meta name=\"twitter:label1\" content=\"Written by\" \/>\n\t<meta name=\"twitter:data1\" content=\"kudeatzailea\" \/>\n<script type=\"application\/ld+json\" class=\"yoast-schema-graph\">{\"@context\":\"https:\/\/schema.org\",\"@graph\":[{\"@type\":\"Article\",\"@id\":\"https:\/\/antonioteiza.org\/es\/exposicin-de-gorka-larraaga-en-mxico\/#article\",\"isPartOf\":{\"@id\":\"https:\/\/antonioteiza.org\/es\/exposicin-de-gorka-larraaga-en-mxico\/\"},\"author\":{\"name\":\"kudeatzailea\",\"@id\":\"https:\/\/antonioteiza.org\/es\/#\/schema\/person\/2b87cebc07495c820ce05edf65e95a0d\"},\"headline\":\"Exposici&oacute;n de Gorka Larra&ntilde;aga en M&eacute;xico.\",\"datePublished\":\"2010-07-05T22:00:00+00:00\",\"dateModified\":\"2022-08-23T10:02:45+00:00\",\"mainEntityOfPage\":{\"@id\":\"https:\/\/antonioteiza.org\/es\/exposicin-de-gorka-larraaga-en-mxico\/\"},\"wordCount\":76,\"publisher\":{\"@id\":\"https:\/\/antonioteiza.org\/es\/#organization\"},\"articleSection\":[\"Actividades\"],\"inLanguage\":\"es\"},{\"@type\":\"WebPage\",\"@id\":\"https:\/\/antonioteiza.org\/es\/exposicin-de-gorka-larraaga-en-mxico\/\",\"url\":\"https:\/\/antonioteiza.org\/es\/exposicin-de-gorka-larraaga-en-mxico\/\",\"name\":\"Exposici&oacute;n de Gorka Larra&ntilde;aga en M&eacute;xico. - Antonio Oteiza\",\"isPartOf\":{\"@id\":\"https:\/\/antonioteiza.org\/es\/#website\"},\"datePublished\":\"2010-07-05T22:00:00+00:00\",\"dateModified\":\"2022-08-23T10:02:45+00:00\",\"breadcrumb\":{\"@id\":\"https:\/\/antonioteiza.org\/es\/exposicin-de-gorka-larraaga-en-mxico\/#breadcrumb\"},\"inLanguage\":\"es\",\"potentialAction\":[{\"@type\":\"ReadAction\",\"target\":[\"https:\/\/antonioteiza.org\/es\/exposicin-de-gorka-larraaga-en-mxico\/\"]}]},{\"@type\":\"BreadcrumbList\",\"@id\":\"https:\/\/antonioteiza.org\/es\/exposicin-de-gorka-larraaga-en-mxico\/#breadcrumb\",\"itemListElement\":[{\"@type\":\"ListItem\",\"position\":1,\"name\":\"Home\",\"item\":\"https:\/\/antonioteiza.org\/es\/\"},{\"@type\":\"ListItem\",\"position\":2,\"name\":\"Exposici&oacute;n de Gorka Larra&ntilde;aga en M&eacute;xico.\"}]},{\"@type\":\"WebSite\",\"@id\":\"https:\/\/antonioteiza.org\/es\/#website\",\"url\":\"https:\/\/antonioteiza.org\/es\/\",\"name\":\"Antonio Oteiza\",\"description\":\"Just another WordPress site\",\"publisher\":{\"@id\":\"https:\/\/antonioteiza.org\/es\/#organization\"},\"potentialAction\":[{\"@type\":\"SearchAction\",\"target\":{\"@type\":\"EntryPoint\",\"urlTemplate\":\"https:\/\/antonioteiza.org\/es\/?s={search_term_string}\"},\"query-input\":{\"@type\":\"PropertyValueSpecification\",\"valueRequired\":true,\"valueName\":\"search_term_string\"}}],\"inLanguage\":\"es\"},{\"@type\":\"Organization\",\"@id\":\"https:\/\/antonioteiza.org\/es\/#organization\",\"name\":\"Antonio Oteiza\",\"url\":\"https:\/\/antonioteiza.org\/es\/\",\"logo\":{\"@type\":\"ImageObject\",\"inLanguage\":\"es\",\"@id\":\"https:\/\/antonioteiza.org\/es\/#\/schema\/logo\/image\/\",\"url\":\"https:\/\/antonioteiza.org\/wp-content\/uploads\/2022\/06\/cropped-oteiza-logo.jpg\",\"contentUrl\":\"https:\/\/antonioteiza.org\/wp-content\/uploads\/2022\/06\/cropped-oteiza-logo.jpg\",\"width\":256,\"height\":91,\"caption\":\"Antonio Oteiza\"},\"image\":{\"@id\":\"https:\/\/antonioteiza.org\/es\/#\/schema\/logo\/image\/\"}},{\"@type\":\"Person\",\"@id\":\"https:\/\/antonioteiza.org\/es\/#\/schema\/person\/2b87cebc07495c820ce05edf65e95a0d\",\"name\":\"kudeatzailea\",\"sameAs\":[\"https:\/\/antonioteiza.org\"]}]}<\/script>\n<!-- \/ Yoast SEO plugin. -->","yoast_head_json":{"title":"Exposici&oacute;n de Gorka Larra&ntilde;aga en M&eacute;xico. - Antonio Oteiza","robots":{"index":"index","follow":"follow","max-snippet":"max-snippet:-1","max-image-preview":"max-image-preview:large","max-video-preview":"max-video-preview:-1"},"canonical":"https:\/\/antonioteiza.org\/es\/exposicin-de-gorka-larraaga-en-mxico\/","og_locale":"es_ES","og_type":"article","og_title":"Exposici&oacute;n de Gorka Larra&ntilde;aga en M&eacute;xico. - Antonio Oteiza","og_description":"El pasado mes de Mayo el artista Azkoitiarra Gorka Larra&ntilde;aga present&oacute; una exposici&oacute;n de sus &uacute;ltimas creaciones en la fundaci&oacute;n del ex presidente D. Vicente Fox...","og_url":"https:\/\/antonioteiza.org\/es\/exposicin-de-gorka-larraaga-en-mxico\/","og_site_name":"Antonio Oteiza","article_published_time":"2010-07-05T22:00:00+00:00","article_modified_time":"2022-08-23T10:02:45+00:00","author":"kudeatzailea","twitter_card":"summary_large_image","twitter_misc":{"Written by":"kudeatzailea"},"schema":{"@context":"https:\/\/schema.org","@graph":[{"@type":"Article","@id":"https:\/\/antonioteiza.org\/es\/exposicin-de-gorka-larraaga-en-mxico\/#article","isPartOf":{"@id":"https:\/\/antonioteiza.org\/es\/exposicin-de-gorka-larraaga-en-mxico\/"},"author":{"name":"kudeatzailea","@id":"https:\/\/antonioteiza.org\/es\/#\/schema\/person\/2b87cebc07495c820ce05edf65e95a0d"},"headline":"Exposici&oacute;n de Gorka Larra&ntilde;aga en M&eacute;xico.","datePublished":"2010-07-05T22:00:00+00:00","dateModified":"2022-08-23T10:02:45+00:00","mainEntityOfPage":{"@id":"https:\/\/antonioteiza.org\/es\/exposicin-de-gorka-larraaga-en-mxico\/"},"wordCount":76,"publisher":{"@id":"https:\/\/antonioteiza.org\/es\/#organization"},"articleSection":["Actividades"],"inLanguage":"es"},{"@type":"WebPage","@id":"https:\/\/antonioteiza.org\/es\/exposicin-de-gorka-larraaga-en-mxico\/","url":"https:\/\/antonioteiza.org\/es\/exposicin-de-gorka-larraaga-en-mxico\/","name":"Exposici&oacute;n de Gorka Larra&ntilde;aga en M&eacute;xico. - Antonio Oteiza","isPartOf":{"@id":"https:\/\/antonioteiza.org\/es\/#website"},"datePublished":"2010-07-05T22:00:00+00:00","dateModified":"2022-08-23T10:02:45+00:00","breadcrumb":{"@id":"https:\/\/antonioteiza.org\/es\/exposicin-de-gorka-larraaga-en-mxico\/#breadcrumb"},"inLanguage":"es","potentialAction":[{"@type":"ReadAction","target":["https:\/\/antonioteiza.org\/es\/exposicin-de-gorka-larraaga-en-mxico\/"]}]},{"@type":"BreadcrumbList","@id":"https:\/\/antonioteiza.org\/es\/exposicin-de-gorka-larraaga-en-mxico\/#breadcrumb","itemListElement":[{"@type":"ListItem","position":1,"name":"Home","item":"https:\/\/antonioteiza.org\/es\/"},{"@type":"ListItem","position":2,"name":"Exposici&oacute;n de Gorka Larra&ntilde;aga en M&eacute;xico."}]},{"@type":"WebSite","@id":"https:\/\/antonioteiza.org\/es\/#website","url":"https:\/\/antonioteiza.org\/es\/","name":"Antonio Oteiza","description":"Just another WordPress site","publisher":{"@id":"https:\/\/antonioteiza.org\/es\/#organization"},"potentialAction":[{"@type":"SearchAction","target":{"@type":"EntryPoint","urlTemplate":"https:\/\/antonioteiza.org\/es\/?s={search_term_string}"},"query-input":{"@type":"PropertyValueSpecification","valueRequired":true,"valueName":"search_term_string"}}],"inLanguage":"es"},{"@type":"Organization","@id":"https:\/\/antonioteiza.org\/es\/#organization","name":"Antonio Oteiza","url":"https:\/\/antonioteiza.org\/es\/","logo":{"@type":"ImageObject","inLanguage":"es","@id":"https:\/\/antonioteiza.org\/es\/#\/schema\/logo\/image\/","url":"https:\/\/antonioteiza.org\/wp-content\/uploads\/2022\/06\/cropped-oteiza-logo.jpg","contentUrl":"https:\/\/antonioteiza.org\/wp-content\/uploads\/2022\/06\/cropped-oteiza-logo.jpg","width":256,"height":91,"caption":"Antonio Oteiza"},"image":{"@id":"https:\/\/antonioteiza.org\/es\/#\/schema\/logo\/image\/"}},{"@type":"Person","@id":"https:\/\/antonioteiza.org\/es\/#\/schema\/person\/2b87cebc07495c820ce05edf65e95a0d","name":"kudeatzailea","sameAs":["https:\/\/antonioteiza.org"]}]}},"_links":{"self":[{"href":"https:\/\/antonioteiza.org\/es\/wp-json\/wp\/v2\/posts\/573","targetHints":{"allow":["GET"]}}],"collection":[{"href":"https:\/\/antonioteiza.org\/es\/wp-json\/wp\/v2\/posts"}],"about":[{"href":"https:\/\/antonioteiza.org\/es\/wp-json\/wp\/v2\/types\/post"}],"author":[{"embeddable":true,"href":"https:\/\/antonioteiza.org\/es\/wp-json\/wp\/v2\/users\/1"}],"replies":[{"embeddable":true,"href":"https:\/\/antonioteiza.org\/es\/wp-json\/wp\/v2\/comments?post=573"}],"version-history":[{"count":1,"href":"https:\/\/antonioteiza.org\/es\/wp-json\/wp\/v2\/posts\/573\/revisions"}],"predecessor-version":[{"id":621,"href":"https:\/\/antonioteiza.org\/es\/wp-json\/wp\/v2\/posts\/573\/revisions\/621"}],"wp:attachment":[{"href":"https:\/\/antonioteiza.org\/es\/wp-json\/wp\/v2\/media?parent=573"}],"wp:term":[{"taxonomy":"category","embeddable":true,"href":"https:\/\/antonioteiza.org\/es\/wp-json\/wp\/v2\/categories?post=573"},{"taxonomy":"post_tag","embeddable":true,"href":"https:\/\/antonioteiza.org\/es\/wp-json\/wp\/v2\/tags?post=573"}],"curies":[{"name":"wp","href":"https:\/\/api.w.org\/{rel}","templated":true}]}}