{"id":589,"date":"2010-10-07T00:00:00","date_gmt":"2010-10-06T22:00:00","guid":{"rendered":"http:\/\/antonioteiza.org\/reconocimiento-oficial-al-emprendedor-2010\/"},"modified":"2022-08-23T12:02:39","modified_gmt":"2022-08-23T10:02:39","slug":"reconocimiento-oficial-al-emprendedor-2010","status":"publish","type":"post","link":"https:\/\/antonioteiza.org\/es\/reconocimiento-oficial-al-emprendedor-2010\/","title":{"rendered":"Reconocimiento oficial al emprendedor 2010"},"content":{"rendered":"<p>Este a\u00f1o se ha vuelto a reconocer los m\u00e9ritos de los emprendedores. De aquellos personajes que con su vida y obra han sido revulsivos en el desarrollo econ\u00f3mico, cultural, social&#8230; Personas ejemplares, como consta en las l\u00edneas de nuestra entidad. Si el pasado a\u00f1o tribut\u00e1bamos un reconocido y emotivo homenaje a Inaxio Uria, por su contribuci\u00f3n al desarrollo econ\u00f3mico y empresarial de nuestro pa\u00eds, Patr\u00f3n de esta Fundaci\u00f3n, asesinado por ETA; este a\u00f1o el premio al emprendedor ven\u00eda a testimoniar el agradecimiento por toda una vida dedicada a la cultura en sus diferentes vertientes. Radio, cine, m\u00fasica&#8230;creador, difusor y protagonista, este es el perfil de Luis Iriondo. Premio Antonio Oteiza 2010 al emprendedor. El acto de entrega del galard\u00f3n se efectu\u00f3 el d\u00eda 7 de octubre en un entra\u00f1able acto, donde adem\u00e1s de los discursos oficiales y de la entrega de la escultura de San Ignacio de Oteiza, por parte del Presidente de la Fundaci\u00f3n Asier Aranbarri, se pudo asistir en el cine Bastartxo al pase de la pel\u00edcula \u00abGran Sol\u00bb, donde nuestro homenajeado, representaba el papel del protagonista.<\/p>\n","protected":false},"excerpt":{"rendered":"<p>Este a&ntilde;o se ha vuelto a reconocer los m&eacute;ritos de los emprendedores. De aquellos personajes que con su vida y obra han sido revulsivos en el desarrollo econ&oacute;mico, cultural, social&#8230;<\/p>\n","protected":false},"author":1,"featured_media":587,"comment_status":"open","ping_status":"closed","sticky":false,"template":"","format":"standard","meta":{"_acf_changed":false,"footnotes":""},"categories":[4],"tags":[],"class_list":["post-589","post","type-post","status-publish","format-standard","has-post-thumbnail","hentry","category-actividades"],"acf":[],"yoast_head":"<!-- This site is optimized with the Yoast SEO plugin v26.8 - https:\/\/yoast.com\/product\/yoast-seo-wordpress\/ -->\n<title>Reconocimiento oficial al emprendedor 2010 - Antonio Oteiza<\/title>\n<meta name=\"robots\" content=\"index, follow, max-snippet:-1, max-image-preview:large, max-video-preview:-1\" \/>\n<link rel=\"canonical\" href=\"https:\/\/antonioteiza.org\/es\/reconocimiento-oficial-al-emprendedor-2010\/\" \/>\n<meta property=\"og:locale\" content=\"es_ES\" \/>\n<meta property=\"og:type\" content=\"article\" \/>\n<meta property=\"og:title\" content=\"Reconocimiento oficial al emprendedor 2010 - Antonio Oteiza\" \/>\n<meta property=\"og:description\" content=\"Este a&ntilde;o se ha vuelto a reconocer los m&eacute;ritos de los emprendedores. De aquellos personajes que con su vida y obra han sido revulsivos en el desarrollo econ&oacute;mico, cultural, social...\" \/>\n<meta property=\"og:url\" content=\"https:\/\/antonioteiza.org\/es\/reconocimiento-oficial-al-emprendedor-2010\/\" \/>\n<meta property=\"og:site_name\" content=\"Antonio Oteiza\" \/>\n<meta property=\"article:published_time\" content=\"2010-10-06T22:00:00+00:00\" \/>\n<meta property=\"article:modified_time\" content=\"2022-08-23T10:02:39+00:00\" \/>\n<meta property=\"og:image\" content=\"https:\/\/antonioteiza.org\/wp-content\/uploads\/2022\/08\/P1200516-1.jpeg\" \/>\n\t<meta property=\"og:image:width\" content=\"100\" \/>\n\t<meta property=\"og:image:height\" content=\"106\" \/>\n\t<meta property=\"og:image:type\" content=\"image\/jpeg\" \/>\n<meta name=\"author\" content=\"kudeatzailea\" \/>\n<meta name=\"twitter:card\" content=\"summary_large_image\" \/>\n<meta name=\"twitter:label1\" content=\"Written by\" \/>\n\t<meta name=\"twitter:data1\" content=\"kudeatzailea\" \/>\n\t<meta name=\"twitter:label2\" content=\"Est. reading time\" \/>\n\t<meta name=\"twitter:data2\" content=\"1 minuto\" \/>\n<script type=\"application\/ld+json\" class=\"yoast-schema-graph\">{\"@context\":\"https:\/\/schema.org\",\"@graph\":[{\"@type\":\"Article\",\"@id\":\"https:\/\/antonioteiza.org\/es\/reconocimiento-oficial-al-emprendedor-2010\/#article\",\"isPartOf\":{\"@id\":\"https:\/\/antonioteiza.org\/es\/reconocimiento-oficial-al-emprendedor-2010\/\"},\"author\":{\"name\":\"kudeatzailea\",\"@id\":\"https:\/\/antonioteiza.org\/es\/#\/schema\/person\/2b87cebc07495c820ce05edf65e95a0d\"},\"headline\":\"Reconocimiento oficial al emprendedor 2010\",\"datePublished\":\"2010-10-06T22:00:00+00:00\",\"dateModified\":\"2022-08-23T10:02:39+00:00\",\"mainEntityOfPage\":{\"@id\":\"https:\/\/antonioteiza.org\/es\/reconocimiento-oficial-al-emprendedor-2010\/\"},\"wordCount\":202,\"commentCount\":0,\"publisher\":{\"@id\":\"https:\/\/antonioteiza.org\/es\/#organization\"},\"image\":{\"@id\":\"https:\/\/antonioteiza.org\/es\/reconocimiento-oficial-al-emprendedor-2010\/#primaryimage\"},\"thumbnailUrl\":\"https:\/\/antonioteiza.org\/wp-content\/uploads\/2022\/08\/P1200516-1.jpeg\",\"articleSection\":[\"Actividades\"],\"inLanguage\":\"es\",\"potentialAction\":[{\"@type\":\"CommentAction\",\"name\":\"Comment\",\"target\":[\"https:\/\/antonioteiza.org\/es\/reconocimiento-oficial-al-emprendedor-2010\/#respond\"]}]},{\"@type\":\"WebPage\",\"@id\":\"https:\/\/antonioteiza.org\/es\/reconocimiento-oficial-al-emprendedor-2010\/\",\"url\":\"https:\/\/antonioteiza.org\/es\/reconocimiento-oficial-al-emprendedor-2010\/\",\"name\":\"Reconocimiento oficial al emprendedor 2010 - Antonio Oteiza\",\"isPartOf\":{\"@id\":\"https:\/\/antonioteiza.org\/es\/#website\"},\"primaryImageOfPage\":{\"@id\":\"https:\/\/antonioteiza.org\/es\/reconocimiento-oficial-al-emprendedor-2010\/#primaryimage\"},\"image\":{\"@id\":\"https:\/\/antonioteiza.org\/es\/reconocimiento-oficial-al-emprendedor-2010\/#primaryimage\"},\"thumbnailUrl\":\"https:\/\/antonioteiza.org\/wp-content\/uploads\/2022\/08\/P1200516-1.jpeg\",\"datePublished\":\"2010-10-06T22:00:00+00:00\",\"dateModified\":\"2022-08-23T10:02:39+00:00\",\"breadcrumb\":{\"@id\":\"https:\/\/antonioteiza.org\/es\/reconocimiento-oficial-al-emprendedor-2010\/#breadcrumb\"},\"inLanguage\":\"es\",\"potentialAction\":[{\"@type\":\"ReadAction\",\"target\":[\"https:\/\/antonioteiza.org\/es\/reconocimiento-oficial-al-emprendedor-2010\/\"]}]},{\"@type\":\"ImageObject\",\"inLanguage\":\"es\",\"@id\":\"https:\/\/antonioteiza.org\/es\/reconocimiento-oficial-al-emprendedor-2010\/#primaryimage\",\"url\":\"https:\/\/antonioteiza.org\/wp-content\/uploads\/2022\/08\/P1200516-1.jpeg\",\"contentUrl\":\"https:\/\/antonioteiza.org\/wp-content\/uploads\/2022\/08\/P1200516-1.jpeg\",\"width\":100,\"height\":106},{\"@type\":\"BreadcrumbList\",\"@id\":\"https:\/\/antonioteiza.org\/es\/reconocimiento-oficial-al-emprendedor-2010\/#breadcrumb\",\"itemListElement\":[{\"@type\":\"ListItem\",\"position\":1,\"name\":\"Home\",\"item\":\"https:\/\/antonioteiza.org\/es\/\"},{\"@type\":\"ListItem\",\"position\":2,\"name\":\"Reconocimiento oficial al emprendedor 2010\"}]},{\"@type\":\"WebSite\",\"@id\":\"https:\/\/antonioteiza.org\/es\/#website\",\"url\":\"https:\/\/antonioteiza.org\/es\/\",\"name\":\"Antonio Oteiza\",\"description\":\"Just another WordPress site\",\"publisher\":{\"@id\":\"https:\/\/antonioteiza.org\/es\/#organization\"},\"potentialAction\":[{\"@type\":\"SearchAction\",\"target\":{\"@type\":\"EntryPoint\",\"urlTemplate\":\"https:\/\/antonioteiza.org\/es\/?s={search_term_string}\"},\"query-input\":{\"@type\":\"PropertyValueSpecification\",\"valueRequired\":true,\"valueName\":\"search_term_string\"}}],\"inLanguage\":\"es\"},{\"@type\":\"Organization\",\"@id\":\"https:\/\/antonioteiza.org\/es\/#organization\",\"name\":\"Antonio Oteiza\",\"url\":\"https:\/\/antonioteiza.org\/es\/\",\"logo\":{\"@type\":\"ImageObject\",\"inLanguage\":\"es\",\"@id\":\"https:\/\/antonioteiza.org\/es\/#\/schema\/logo\/image\/\",\"url\":\"https:\/\/antonioteiza.org\/wp-content\/uploads\/2022\/06\/cropped-oteiza-logo.jpg\",\"contentUrl\":\"https:\/\/antonioteiza.org\/wp-content\/uploads\/2022\/06\/cropped-oteiza-logo.jpg\",\"width\":256,\"height\":91,\"caption\":\"Antonio Oteiza\"},\"image\":{\"@id\":\"https:\/\/antonioteiza.org\/es\/#\/schema\/logo\/image\/\"}},{\"@type\":\"Person\",\"@id\":\"https:\/\/antonioteiza.org\/es\/#\/schema\/person\/2b87cebc07495c820ce05edf65e95a0d\",\"name\":\"kudeatzailea\",\"sameAs\":[\"https:\/\/antonioteiza.org\"]}]}<\/script>\n<!-- \/ Yoast SEO plugin. -->","yoast_head_json":{"title":"Reconocimiento oficial al emprendedor 2010 - Antonio Oteiza","robots":{"index":"index","follow":"follow","max-snippet":"max-snippet:-1","max-image-preview":"max-image-preview:large","max-video-preview":"max-video-preview:-1"},"canonical":"https:\/\/antonioteiza.org\/es\/reconocimiento-oficial-al-emprendedor-2010\/","og_locale":"es_ES","og_type":"article","og_title":"Reconocimiento oficial al emprendedor 2010 - Antonio Oteiza","og_description":"Este a&ntilde;o se ha vuelto a reconocer los m&eacute;ritos de los emprendedores. De aquellos personajes que con su vida y obra han sido revulsivos en el desarrollo econ&oacute;mico, cultural, social...","og_url":"https:\/\/antonioteiza.org\/es\/reconocimiento-oficial-al-emprendedor-2010\/","og_site_name":"Antonio Oteiza","article_published_time":"2010-10-06T22:00:00+00:00","article_modified_time":"2022-08-23T10:02:39+00:00","og_image":[{"width":100,"height":106,"url":"https:\/\/antonioteiza.org\/wp-content\/uploads\/2022\/08\/P1200516-1.jpeg","type":"image\/jpeg"}],"author":"kudeatzailea","twitter_card":"summary_large_image","twitter_misc":{"Written by":"kudeatzailea","Est. reading time":"1 minuto"},"schema":{"@context":"https:\/\/schema.org","@graph":[{"@type":"Article","@id":"https:\/\/antonioteiza.org\/es\/reconocimiento-oficial-al-emprendedor-2010\/#article","isPartOf":{"@id":"https:\/\/antonioteiza.org\/es\/reconocimiento-oficial-al-emprendedor-2010\/"},"author":{"name":"kudeatzailea","@id":"https:\/\/antonioteiza.org\/es\/#\/schema\/person\/2b87cebc07495c820ce05edf65e95a0d"},"headline":"Reconocimiento oficial al emprendedor 2010","datePublished":"2010-10-06T22:00:00+00:00","dateModified":"2022-08-23T10:02:39+00:00","mainEntityOfPage":{"@id":"https:\/\/antonioteiza.org\/es\/reconocimiento-oficial-al-emprendedor-2010\/"},"wordCount":202,"commentCount":0,"publisher":{"@id":"https:\/\/antonioteiza.org\/es\/#organization"},"image":{"@id":"https:\/\/antonioteiza.org\/es\/reconocimiento-oficial-al-emprendedor-2010\/#primaryimage"},"thumbnailUrl":"https:\/\/antonioteiza.org\/wp-content\/uploads\/2022\/08\/P1200516-1.jpeg","articleSection":["Actividades"],"inLanguage":"es","potentialAction":[{"@type":"CommentAction","name":"Comment","target":["https:\/\/antonioteiza.org\/es\/reconocimiento-oficial-al-emprendedor-2010\/#respond"]}]},{"@type":"WebPage","@id":"https:\/\/antonioteiza.org\/es\/reconocimiento-oficial-al-emprendedor-2010\/","url":"https:\/\/antonioteiza.org\/es\/reconocimiento-oficial-al-emprendedor-2010\/","name":"Reconocimiento oficial al emprendedor 2010 - Antonio Oteiza","isPartOf":{"@id":"https:\/\/antonioteiza.org\/es\/#website"},"primaryImageOfPage":{"@id":"https:\/\/antonioteiza.org\/es\/reconocimiento-oficial-al-emprendedor-2010\/#primaryimage"},"image":{"@id":"https:\/\/antonioteiza.org\/es\/reconocimiento-oficial-al-emprendedor-2010\/#primaryimage"},"thumbnailUrl":"https:\/\/antonioteiza.org\/wp-content\/uploads\/2022\/08\/P1200516-1.jpeg","datePublished":"2010-10-06T22:00:00+00:00","dateModified":"2022-08-23T10:02:39+00:00","breadcrumb":{"@id":"https:\/\/antonioteiza.org\/es\/reconocimiento-oficial-al-emprendedor-2010\/#breadcrumb"},"inLanguage":"es","potentialAction":[{"@type":"ReadAction","target":["https:\/\/antonioteiza.org\/es\/reconocimiento-oficial-al-emprendedor-2010\/"]}]},{"@type":"ImageObject","inLanguage":"es","@id":"https:\/\/antonioteiza.org\/es\/reconocimiento-oficial-al-emprendedor-2010\/#primaryimage","url":"https:\/\/antonioteiza.org\/wp-content\/uploads\/2022\/08\/P1200516-1.jpeg","contentUrl":"https:\/\/antonioteiza.org\/wp-content\/uploads\/2022\/08\/P1200516-1.jpeg","width":100,"height":106},{"@type":"BreadcrumbList","@id":"https:\/\/antonioteiza.org\/es\/reconocimiento-oficial-al-emprendedor-2010\/#breadcrumb","itemListElement":[{"@type":"ListItem","position":1,"name":"Home","item":"https:\/\/antonioteiza.org\/es\/"},{"@type":"ListItem","position":2,"name":"Reconocimiento oficial al emprendedor 2010"}]},{"@type":"WebSite","@id":"https:\/\/antonioteiza.org\/es\/#website","url":"https:\/\/antonioteiza.org\/es\/","name":"Antonio Oteiza","description":"Just another WordPress site","publisher":{"@id":"https:\/\/antonioteiza.org\/es\/#organization"},"potentialAction":[{"@type":"SearchAction","target":{"@type":"EntryPoint","urlTemplate":"https:\/\/antonioteiza.org\/es\/?s={search_term_string}"},"query-input":{"@type":"PropertyValueSpecification","valueRequired":true,"valueName":"search_term_string"}}],"inLanguage":"es"},{"@type":"Organization","@id":"https:\/\/antonioteiza.org\/es\/#organization","name":"Antonio Oteiza","url":"https:\/\/antonioteiza.org\/es\/","logo":{"@type":"ImageObject","inLanguage":"es","@id":"https:\/\/antonioteiza.org\/es\/#\/schema\/logo\/image\/","url":"https:\/\/antonioteiza.org\/wp-content\/uploads\/2022\/06\/cropped-oteiza-logo.jpg","contentUrl":"https:\/\/antonioteiza.org\/wp-content\/uploads\/2022\/06\/cropped-oteiza-logo.jpg","width":256,"height":91,"caption":"Antonio Oteiza"},"image":{"@id":"https:\/\/antonioteiza.org\/es\/#\/schema\/logo\/image\/"}},{"@type":"Person","@id":"https:\/\/antonioteiza.org\/es\/#\/schema\/person\/2b87cebc07495c820ce05edf65e95a0d","name":"kudeatzailea","sameAs":["https:\/\/antonioteiza.org"]}]}},"_links":{"self":[{"href":"https:\/\/antonioteiza.org\/es\/wp-json\/wp\/v2\/posts\/589","targetHints":{"allow":["GET"]}}],"collection":[{"href":"https:\/\/antonioteiza.org\/es\/wp-json\/wp\/v2\/posts"}],"about":[{"href":"https:\/\/antonioteiza.org\/es\/wp-json\/wp\/v2\/types\/post"}],"author":[{"embeddable":true,"href":"https:\/\/antonioteiza.org\/es\/wp-json\/wp\/v2\/users\/1"}],"replies":[{"embeddable":true,"href":"https:\/\/antonioteiza.org\/es\/wp-json\/wp\/v2\/comments?post=589"}],"version-history":[{"count":1,"href":"https:\/\/antonioteiza.org\/es\/wp-json\/wp\/v2\/posts\/589\/revisions"}],"predecessor-version":[{"id":619,"href":"https:\/\/antonioteiza.org\/es\/wp-json\/wp\/v2\/posts\/589\/revisions\/619"}],"wp:featuredmedia":[{"embeddable":true,"href":"https:\/\/antonioteiza.org\/es\/wp-json\/wp\/v2\/media\/587"}],"wp:attachment":[{"href":"https:\/\/antonioteiza.org\/es\/wp-json\/wp\/v2\/media?parent=589"}],"wp:term":[{"taxonomy":"category","embeddable":true,"href":"https:\/\/antonioteiza.org\/es\/wp-json\/wp\/v2\/categories?post=589"},{"taxonomy":"post_tag","embeddable":true,"href":"https:\/\/antonioteiza.org\/es\/wp-json\/wp\/v2\/tags?post=589"}],"curies":[{"name":"wp","href":"https:\/\/api.w.org\/{rel}","templated":true}]}}