{"id":601,"date":"2010-10-23T00:00:00","date_gmt":"2010-10-22T22:00:00","guid":{"rendered":"http:\/\/antonioteiza.org\/exposicin-centenario-de-las-fiestas-euskaras\/"},"modified":"2022-08-23T12:02:37","modified_gmt":"2022-08-23T10:02:37","slug":"exposicin-centenario-de-las-fiestas-euskaras","status":"publish","type":"post","link":"https:\/\/antonioteiza.org\/es\/exposicin-centenario-de-las-fiestas-euskaras\/","title":{"rendered":"Exposici&oacute;n centenario de las Fiestas Euskaras"},"content":{"rendered":"<p>La Fundaci\u00f3n Antonio Oteiza, nacida con vocaci\u00f3n de foco transmisor de la cultura, presenta esta exposici\u00f3n con motivo de las diversas conmemoraciones que celebra Azkoitia durante el a\u00f1o 2010. Las Fiestas Euskaras, llevadas a cabo hace 100 a\u00f1os, propiciaron las primeras exposiciones de arte, junto a diferentes concursos literarios y musicales. Estas fiestas Euskaras ten\u00edan adem\u00e1s la misi\u00f3n de recordar la tradici\u00f3n foral de encuentro institucional en los diferentes pueblos de Gipuzkoa. Por ello este a\u00f1o se quiere rememorar tambi\u00e9n la antiqu\u00edsima costumbre de celebrar en la jurisdicci\u00f3n de la villa las Juntas Generales, y las Particulares en las campas de Basarte y en la ermita de Santa Cruz. Por otra parte el medio milenio que cumple en estas fechas nuestra Parroquia de Santa Mar\u00eda la Real nos proporciona una ocasi\u00f3n \u00fanica para presentar algunos documentos y\u00a0 testimonios de una vivencia civil y espiritual que ha ido forjando la personalidad de los azkoitiarras.<\/p>\n<p><strong>CENTENARIO DE LAS FIESTAS EUSKARAS<\/strong><\/p>\n<ol>\n<li><a href=\"https:\/\/docs.google.com\/viewer?a=v&amp;pid=explorer&amp;chrome=true&amp;srcid=0B8a6brmkNi9tNzUyYjRhYjItMjBmYS00YTFlLTlhNmMtMDBiYzMzMzQ5MzNm&amp;hl=es\" target=\"_blank\" rel=\"noopener\">Presentaci\u00f3n<\/a><\/li>\n<li><a href=\"https:\/\/docs.google.com\/viewer?a=v&amp;pid=explorer&amp;chrome=true&amp;srcid=0B8a6brmkNi9tNWYyOWQwYzUtNzBlNy00MjcyLTk2NWQtMDZhZTQ1ZWNiZmZj&amp;hl=es\" target=\"_blank\" rel=\"noopener\">Introducci\u00f3n<\/a><\/li>\n<li><a href=\"https:\/\/docs.google.com\/viewer?a=v&amp;pid=explorer&amp;chrome=true&amp;srcid=0B8a6brmkNi9tZjJiMzMzZjQtZTUxZC00ZGI1LTk2ZWYtZWZhZWM3YTVmYzZh&amp;hl=es\" target=\"_blank\" rel=\"noopener\">Actos Oficiales<\/a><\/li>\n<li><a href=\"https:\/\/docs.google.com\/viewer?a=v&amp;pid=explorer&amp;chrome=true&amp;srcid=0B8a6brmkNi9tM2NjODdhNWItYTZkMy00YzgwLWI2NmQtNDdjMDJhNjg0OTYz&amp;hl=es\" target=\"_blank\" rel=\"noopener\">Premios de agricultura y ganader\u00eda<\/a><\/li>\n<li><a href=\"https:\/\/docs.google.com\/viewer?a=v&amp;pid=explorer&amp;chrome=true&amp;srcid=0B8a6brmkNi9tOTJmNmI4YTYtODRkYy00YzQyLTlmNjQtMzMxYmY5ZjFlYWMz&amp;hl=es\" target=\"_blank\" rel=\"noopener\">Cert\u00e1menes culturales y deportivos<\/a><\/li>\n<li><a href=\"https:\/\/docs.google.com\/viewer?a=v&amp;pid=explorer&amp;chrome=true&amp;srcid=0B8a6brmkNi9tYjYyYjgwM2UtN2Y2OS00YTIxLWJmZTEtZmE0ODBkYjkzNmRl&amp;hl=es\" target=\"_blank\" rel=\"noopener\">M\u00e1s informaci\u00f3n <\/a><\/li>\n<\/ol>\n<p><strong>JUNTAS PARTICULARES DE GIPUZKOA EN BASARTE Y SANTA CRUZ<\/strong><\/p>\n<ol>\n<li><a href=\"https:\/\/docs.google.com\/viewer?a=v&amp;pid=explorer&amp;chrome=true&amp;srcid=0B8a6brmkNi9tMjQzMmI1ZTctNTI4ZS00OTAxLWFjNTItYjc4MDIxMzM1MTY4&amp;hl=es\" target=\"_blank\" rel=\"noopener\">Introducci\u00f3n<\/a><\/li>\n<li><a href=\"https:\/\/docs.google.com\/viewer?a=v&amp;pid=explorer&amp;chrome=true&amp;srcid=0B8a6brmkNi9tNjFlOTE1YmQtYzM4Yi00YTNlLWJjYzktOWY0NjU5YmJkNDVm&amp;hl=es\" target=\"_blank\" rel=\"noopener\">Juntas particulares de Gipuzkoa en Basarte y Santa Cruz<\/a><\/li>\n<li><a href=\"https:\/\/docs.google.com\/viewer?a=v&amp;pid=explorer&amp;chrome=true&amp;srcid=0B8a6brmkNi9tNzMyMzU3MjAtMThmYS00ZTVkLTk1NDYtYmY4ZWU4N2I4NGM5&amp;hl=es\" target=\"_blank\" rel=\"noopener\">Juntas generales y particulares<\/a><\/li>\n<li><a href=\"https:\/\/docs.google.com\/viewer?a=v&amp;pid=explorer&amp;chrome=true&amp;srcid=0B8a6brmkNi9tNTUwY2YxMmMtNDJhNS00YzNhLWJjOWUtMjhiMGZmYzk2YmE2&amp;hl=es\" target=\"_blank\" rel=\"noopener\">M\u00e1s informaci\u00f3n<\/a><\/li>\n<\/ol>\n<p><strong>V. CENTENARIO DE LA PARROQUIA SANTA MAR\u00cdA LA REAL<\/strong><\/p>\n<ul>\n<li><a href=\"https:\/\/docs.google.com\/viewer?a=v&amp;pid=explorer&amp;chrome=true&amp;srcid=0B8a6brmkNi9tODBlMjMxNmQtZTQyNi00MjgyLThhMjctYTYxYjM4ZGMyZWVi&amp;hl=es\" target=\"_blank\" rel=\"noopener\">Introducci\u00f3n<\/a><\/li>\n<li><a href=\"https:\/\/docs.google.com\/viewer?a=v&amp;pid=explorer&amp;chrome=true&amp;srcid=0B8a6brmkNi9tZTYyZmNlMzYtMDIyNC00NGFmLWI2Y2YtMTljNDRkMDQzMDU5&amp;hl=es\" target=\"_blank\" rel=\"noopener\">Documentos<\/a><\/li>\n<li><a href=\"https:\/\/docs.google.com\/viewer?a=v&amp;pid=explorer&amp;chrome=true&amp;srcid=0B8a6brmkNi9tYjAyNmMyMjYtMGE5ZC00ZjMwLThlMmQtYWU5OTg0M2NkMzA4&amp;hl=es\" target=\"_blank\" rel=\"noopener\">Hitos y planos<\/a><\/li>\n<li><a href=\"https:\/\/docs.google.com\/viewer?a=v&amp;pid=explorer&amp;chrome=true&amp;srcid=0B8a6brmkNi9tMDJmNTg5OGYtN2JkZS00ZDg2LThmMDctNjI5ZmY3MTRlZmY5&amp;hl=es\" target=\"_blank\" rel=\"noopener\">M\u00e1s informaci\u00f3n<\/a><\/li>\n<\/ul>\n<p>&nbsp;<\/p>\n","protected":false},"excerpt":{"rendered":"<p>La Fundaci&oacute;n Antonio Oteiza, nacida con vocaci&oacute;n de foco transmisor de la cultura, presenta esta exposici&oacute;n con motivo de las diversas conmemoraciones que celebra Azkoitia durante el a&ntilde;o 2010. Las Fiestas Euskaras, llevadas a cabo hace 100 a&ntilde;os, propiciaron las primeras exposiciones de arte, junto a diferentes concursos literarios y musicales&#8230;<\/p>\n","protected":false},"author":1,"featured_media":599,"comment_status":"open","ping_status":"closed","sticky":false,"template":"","format":"standard","meta":{"_acf_changed":false,"footnotes":""},"categories":[4],"tags":[],"class_list":["post-601","post","type-post","status-publish","format-standard","has-post-thumbnail","hentry","category-actividades"],"acf":[],"yoast_head":"<!-- This site is optimized with the Yoast SEO plugin v26.8 - https:\/\/yoast.com\/product\/yoast-seo-wordpress\/ -->\n<title>Exposici&oacute;n centenario de las Fiestas Euskaras - Antonio Oteiza<\/title>\n<meta name=\"robots\" content=\"index, follow, max-snippet:-1, max-image-preview:large, max-video-preview:-1\" \/>\n<link rel=\"canonical\" href=\"https:\/\/antonioteiza.org\/es\/exposicin-centenario-de-las-fiestas-euskaras\/\" \/>\n<meta property=\"og:locale\" content=\"es_ES\" \/>\n<meta property=\"og:type\" content=\"article\" \/>\n<meta property=\"og:title\" content=\"Exposici&oacute;n centenario de las Fiestas Euskaras - Antonio Oteiza\" \/>\n<meta property=\"og:description\" content=\"La Fundaci&oacute;n Antonio Oteiza, nacida con vocaci&oacute;n de foco transmisor de la cultura, presenta esta exposici&oacute;n con motivo de las diversas conmemoraciones que celebra Azkoitia durante el a&ntilde;o 2010. Las Fiestas Euskaras, llevadas a cabo hace 100 a&ntilde;os, propiciaron las primeras exposiciones de arte, junto a diferentes concursos literarios y musicales...\" \/>\n<meta property=\"og:url\" content=\"https:\/\/antonioteiza.org\/es\/exposicin-centenario-de-las-fiestas-euskaras\/\" \/>\n<meta property=\"og:site_name\" content=\"Antonio Oteiza\" \/>\n<meta property=\"article:published_time\" content=\"2010-10-22T22:00:00+00:00\" \/>\n<meta property=\"article:modified_time\" content=\"2022-08-23T10:02:37+00:00\" \/>\n<meta property=\"og:image\" content=\"https:\/\/antonioteiza.org\/wp-content\/uploads\/2022\/08\/FiestasEuskaras2-1.jpg\" \/>\n\t<meta property=\"og:image:width\" content=\"100\" \/>\n\t<meta property=\"og:image:height\" content=\"106\" \/>\n\t<meta property=\"og:image:type\" content=\"image\/jpeg\" \/>\n<meta name=\"author\" content=\"kudeatzailea\" \/>\n<meta name=\"twitter:card\" content=\"summary_large_image\" \/>\n<meta name=\"twitter:label1\" content=\"Written by\" \/>\n\t<meta name=\"twitter:data1\" content=\"kudeatzailea\" \/>\n\t<meta name=\"twitter:label2\" content=\"Est. reading time\" \/>\n\t<meta name=\"twitter:data2\" content=\"1 minuto\" \/>\n<script type=\"application\/ld+json\" class=\"yoast-schema-graph\">{\"@context\":\"https:\/\/schema.org\",\"@graph\":[{\"@type\":\"Article\",\"@id\":\"https:\/\/antonioteiza.org\/es\/exposicin-centenario-de-las-fiestas-euskaras\/#article\",\"isPartOf\":{\"@id\":\"https:\/\/antonioteiza.org\/es\/exposicin-centenario-de-las-fiestas-euskaras\/\"},\"author\":{\"name\":\"kudeatzailea\",\"@id\":\"https:\/\/antonioteiza.org\/es\/#\/schema\/person\/2b87cebc07495c820ce05edf65e95a0d\"},\"headline\":\"Exposici&oacute;n centenario de las Fiestas Euskaras\",\"datePublished\":\"2010-10-22T22:00:00+00:00\",\"dateModified\":\"2022-08-23T10:02:37+00:00\",\"mainEntityOfPage\":{\"@id\":\"https:\/\/antonioteiza.org\/es\/exposicin-centenario-de-las-fiestas-euskaras\/\"},\"wordCount\":249,\"commentCount\":0,\"publisher\":{\"@id\":\"https:\/\/antonioteiza.org\/es\/#organization\"},\"image\":{\"@id\":\"https:\/\/antonioteiza.org\/es\/exposicin-centenario-de-las-fiestas-euskaras\/#primaryimage\"},\"thumbnailUrl\":\"https:\/\/antonioteiza.org\/wp-content\/uploads\/2022\/08\/FiestasEuskaras2-1.jpg\",\"articleSection\":[\"Actividades\"],\"inLanguage\":\"es\",\"potentialAction\":[{\"@type\":\"CommentAction\",\"name\":\"Comment\",\"target\":[\"https:\/\/antonioteiza.org\/es\/exposicin-centenario-de-las-fiestas-euskaras\/#respond\"]}]},{\"@type\":\"WebPage\",\"@id\":\"https:\/\/antonioteiza.org\/es\/exposicin-centenario-de-las-fiestas-euskaras\/\",\"url\":\"https:\/\/antonioteiza.org\/es\/exposicin-centenario-de-las-fiestas-euskaras\/\",\"name\":\"Exposici&oacute;n centenario de las Fiestas Euskaras - Antonio Oteiza\",\"isPartOf\":{\"@id\":\"https:\/\/antonioteiza.org\/es\/#website\"},\"primaryImageOfPage\":{\"@id\":\"https:\/\/antonioteiza.org\/es\/exposicin-centenario-de-las-fiestas-euskaras\/#primaryimage\"},\"image\":{\"@id\":\"https:\/\/antonioteiza.org\/es\/exposicin-centenario-de-las-fiestas-euskaras\/#primaryimage\"},\"thumbnailUrl\":\"https:\/\/antonioteiza.org\/wp-content\/uploads\/2022\/08\/FiestasEuskaras2-1.jpg\",\"datePublished\":\"2010-10-22T22:00:00+00:00\",\"dateModified\":\"2022-08-23T10:02:37+00:00\",\"breadcrumb\":{\"@id\":\"https:\/\/antonioteiza.org\/es\/exposicin-centenario-de-las-fiestas-euskaras\/#breadcrumb\"},\"inLanguage\":\"es\",\"potentialAction\":[{\"@type\":\"ReadAction\",\"target\":[\"https:\/\/antonioteiza.org\/es\/exposicin-centenario-de-las-fiestas-euskaras\/\"]}]},{\"@type\":\"ImageObject\",\"inLanguage\":\"es\",\"@id\":\"https:\/\/antonioteiza.org\/es\/exposicin-centenario-de-las-fiestas-euskaras\/#primaryimage\",\"url\":\"https:\/\/antonioteiza.org\/wp-content\/uploads\/2022\/08\/FiestasEuskaras2-1.jpg\",\"contentUrl\":\"https:\/\/antonioteiza.org\/wp-content\/uploads\/2022\/08\/FiestasEuskaras2-1.jpg\",\"width\":100,\"height\":106},{\"@type\":\"BreadcrumbList\",\"@id\":\"https:\/\/antonioteiza.org\/es\/exposicin-centenario-de-las-fiestas-euskaras\/#breadcrumb\",\"itemListElement\":[{\"@type\":\"ListItem\",\"position\":1,\"name\":\"Home\",\"item\":\"https:\/\/antonioteiza.org\/es\/\"},{\"@type\":\"ListItem\",\"position\":2,\"name\":\"Exposici&oacute;n centenario de las Fiestas Euskaras\"}]},{\"@type\":\"WebSite\",\"@id\":\"https:\/\/antonioteiza.org\/es\/#website\",\"url\":\"https:\/\/antonioteiza.org\/es\/\",\"name\":\"Antonio Oteiza\",\"description\":\"Just another WordPress site\",\"publisher\":{\"@id\":\"https:\/\/antonioteiza.org\/es\/#organization\"},\"potentialAction\":[{\"@type\":\"SearchAction\",\"target\":{\"@type\":\"EntryPoint\",\"urlTemplate\":\"https:\/\/antonioteiza.org\/es\/?s={search_term_string}\"},\"query-input\":{\"@type\":\"PropertyValueSpecification\",\"valueRequired\":true,\"valueName\":\"search_term_string\"}}],\"inLanguage\":\"es\"},{\"@type\":\"Organization\",\"@id\":\"https:\/\/antonioteiza.org\/es\/#organization\",\"name\":\"Antonio Oteiza\",\"url\":\"https:\/\/antonioteiza.org\/es\/\",\"logo\":{\"@type\":\"ImageObject\",\"inLanguage\":\"es\",\"@id\":\"https:\/\/antonioteiza.org\/es\/#\/schema\/logo\/image\/\",\"url\":\"https:\/\/antonioteiza.org\/wp-content\/uploads\/2022\/06\/cropped-oteiza-logo.jpg\",\"contentUrl\":\"https:\/\/antonioteiza.org\/wp-content\/uploads\/2022\/06\/cropped-oteiza-logo.jpg\",\"width\":256,\"height\":91,\"caption\":\"Antonio Oteiza\"},\"image\":{\"@id\":\"https:\/\/antonioteiza.org\/es\/#\/schema\/logo\/image\/\"}},{\"@type\":\"Person\",\"@id\":\"https:\/\/antonioteiza.org\/es\/#\/schema\/person\/2b87cebc07495c820ce05edf65e95a0d\",\"name\":\"kudeatzailea\",\"sameAs\":[\"https:\/\/antonioteiza.org\"]}]}<\/script>\n<!-- \/ Yoast SEO plugin. -->","yoast_head_json":{"title":"Exposici&oacute;n centenario de las Fiestas Euskaras - Antonio Oteiza","robots":{"index":"index","follow":"follow","max-snippet":"max-snippet:-1","max-image-preview":"max-image-preview:large","max-video-preview":"max-video-preview:-1"},"canonical":"https:\/\/antonioteiza.org\/es\/exposicin-centenario-de-las-fiestas-euskaras\/","og_locale":"es_ES","og_type":"article","og_title":"Exposici&oacute;n centenario de las Fiestas Euskaras - Antonio Oteiza","og_description":"La Fundaci&oacute;n Antonio Oteiza, nacida con vocaci&oacute;n de foco transmisor de la cultura, presenta esta exposici&oacute;n con motivo de las diversas conmemoraciones que celebra Azkoitia durante el a&ntilde;o 2010. Las Fiestas Euskaras, llevadas a cabo hace 100 a&ntilde;os, propiciaron las primeras exposiciones de arte, junto a diferentes concursos literarios y musicales...","og_url":"https:\/\/antonioteiza.org\/es\/exposicin-centenario-de-las-fiestas-euskaras\/","og_site_name":"Antonio Oteiza","article_published_time":"2010-10-22T22:00:00+00:00","article_modified_time":"2022-08-23T10:02:37+00:00","og_image":[{"width":100,"height":106,"url":"https:\/\/antonioteiza.org\/wp-content\/uploads\/2022\/08\/FiestasEuskaras2-1.jpg","type":"image\/jpeg"}],"author":"kudeatzailea","twitter_card":"summary_large_image","twitter_misc":{"Written by":"kudeatzailea","Est. reading time":"1 minuto"},"schema":{"@context":"https:\/\/schema.org","@graph":[{"@type":"Article","@id":"https:\/\/antonioteiza.org\/es\/exposicin-centenario-de-las-fiestas-euskaras\/#article","isPartOf":{"@id":"https:\/\/antonioteiza.org\/es\/exposicin-centenario-de-las-fiestas-euskaras\/"},"author":{"name":"kudeatzailea","@id":"https:\/\/antonioteiza.org\/es\/#\/schema\/person\/2b87cebc07495c820ce05edf65e95a0d"},"headline":"Exposici&oacute;n centenario de las Fiestas Euskaras","datePublished":"2010-10-22T22:00:00+00:00","dateModified":"2022-08-23T10:02:37+00:00","mainEntityOfPage":{"@id":"https:\/\/antonioteiza.org\/es\/exposicin-centenario-de-las-fiestas-euskaras\/"},"wordCount":249,"commentCount":0,"publisher":{"@id":"https:\/\/antonioteiza.org\/es\/#organization"},"image":{"@id":"https:\/\/antonioteiza.org\/es\/exposicin-centenario-de-las-fiestas-euskaras\/#primaryimage"},"thumbnailUrl":"https:\/\/antonioteiza.org\/wp-content\/uploads\/2022\/08\/FiestasEuskaras2-1.jpg","articleSection":["Actividades"],"inLanguage":"es","potentialAction":[{"@type":"CommentAction","name":"Comment","target":["https:\/\/antonioteiza.org\/es\/exposicin-centenario-de-las-fiestas-euskaras\/#respond"]}]},{"@type":"WebPage","@id":"https:\/\/antonioteiza.org\/es\/exposicin-centenario-de-las-fiestas-euskaras\/","url":"https:\/\/antonioteiza.org\/es\/exposicin-centenario-de-las-fiestas-euskaras\/","name":"Exposici&oacute;n centenario de las Fiestas Euskaras - Antonio Oteiza","isPartOf":{"@id":"https:\/\/antonioteiza.org\/es\/#website"},"primaryImageOfPage":{"@id":"https:\/\/antonioteiza.org\/es\/exposicin-centenario-de-las-fiestas-euskaras\/#primaryimage"},"image":{"@id":"https:\/\/antonioteiza.org\/es\/exposicin-centenario-de-las-fiestas-euskaras\/#primaryimage"},"thumbnailUrl":"https:\/\/antonioteiza.org\/wp-content\/uploads\/2022\/08\/FiestasEuskaras2-1.jpg","datePublished":"2010-10-22T22:00:00+00:00","dateModified":"2022-08-23T10:02:37+00:00","breadcrumb":{"@id":"https:\/\/antonioteiza.org\/es\/exposicin-centenario-de-las-fiestas-euskaras\/#breadcrumb"},"inLanguage":"es","potentialAction":[{"@type":"ReadAction","target":["https:\/\/antonioteiza.org\/es\/exposicin-centenario-de-las-fiestas-euskaras\/"]}]},{"@type":"ImageObject","inLanguage":"es","@id":"https:\/\/antonioteiza.org\/es\/exposicin-centenario-de-las-fiestas-euskaras\/#primaryimage","url":"https:\/\/antonioteiza.org\/wp-content\/uploads\/2022\/08\/FiestasEuskaras2-1.jpg","contentUrl":"https:\/\/antonioteiza.org\/wp-content\/uploads\/2022\/08\/FiestasEuskaras2-1.jpg","width":100,"height":106},{"@type":"BreadcrumbList","@id":"https:\/\/antonioteiza.org\/es\/exposicin-centenario-de-las-fiestas-euskaras\/#breadcrumb","itemListElement":[{"@type":"ListItem","position":1,"name":"Home","item":"https:\/\/antonioteiza.org\/es\/"},{"@type":"ListItem","position":2,"name":"Exposici&oacute;n centenario de las Fiestas Euskaras"}]},{"@type":"WebSite","@id":"https:\/\/antonioteiza.org\/es\/#website","url":"https:\/\/antonioteiza.org\/es\/","name":"Antonio Oteiza","description":"Just another WordPress site","publisher":{"@id":"https:\/\/antonioteiza.org\/es\/#organization"},"potentialAction":[{"@type":"SearchAction","target":{"@type":"EntryPoint","urlTemplate":"https:\/\/antonioteiza.org\/es\/?s={search_term_string}"},"query-input":{"@type":"PropertyValueSpecification","valueRequired":true,"valueName":"search_term_string"}}],"inLanguage":"es"},{"@type":"Organization","@id":"https:\/\/antonioteiza.org\/es\/#organization","name":"Antonio Oteiza","url":"https:\/\/antonioteiza.org\/es\/","logo":{"@type":"ImageObject","inLanguage":"es","@id":"https:\/\/antonioteiza.org\/es\/#\/schema\/logo\/image\/","url":"https:\/\/antonioteiza.org\/wp-content\/uploads\/2022\/06\/cropped-oteiza-logo.jpg","contentUrl":"https:\/\/antonioteiza.org\/wp-content\/uploads\/2022\/06\/cropped-oteiza-logo.jpg","width":256,"height":91,"caption":"Antonio Oteiza"},"image":{"@id":"https:\/\/antonioteiza.org\/es\/#\/schema\/logo\/image\/"}},{"@type":"Person","@id":"https:\/\/antonioteiza.org\/es\/#\/schema\/person\/2b87cebc07495c820ce05edf65e95a0d","name":"kudeatzailea","sameAs":["https:\/\/antonioteiza.org"]}]}},"_links":{"self":[{"href":"https:\/\/antonioteiza.org\/es\/wp-json\/wp\/v2\/posts\/601","targetHints":{"allow":["GET"]}}],"collection":[{"href":"https:\/\/antonioteiza.org\/es\/wp-json\/wp\/v2\/posts"}],"about":[{"href":"https:\/\/antonioteiza.org\/es\/wp-json\/wp\/v2\/types\/post"}],"author":[{"embeddable":true,"href":"https:\/\/antonioteiza.org\/es\/wp-json\/wp\/v2\/users\/1"}],"replies":[{"embeddable":true,"href":"https:\/\/antonioteiza.org\/es\/wp-json\/wp\/v2\/comments?post=601"}],"version-history":[{"count":1,"href":"https:\/\/antonioteiza.org\/es\/wp-json\/wp\/v2\/posts\/601\/revisions"}],"predecessor-version":[{"id":618,"href":"https:\/\/antonioteiza.org\/es\/wp-json\/wp\/v2\/posts\/601\/revisions\/618"}],"wp:featuredmedia":[{"embeddable":true,"href":"https:\/\/antonioteiza.org\/es\/wp-json\/wp\/v2\/media\/599"}],"wp:attachment":[{"href":"https:\/\/antonioteiza.org\/es\/wp-json\/wp\/v2\/media?parent=601"}],"wp:term":[{"taxonomy":"category","embeddable":true,"href":"https:\/\/antonioteiza.org\/es\/wp-json\/wp\/v2\/categories?post=601"},{"taxonomy":"post_tag","embeddable":true,"href":"https:\/\/antonioteiza.org\/es\/wp-json\/wp\/v2\/tags?post=601"}],"curies":[{"name":"wp","href":"https:\/\/api.w.org\/{rel}","templated":true}]}}